{"id":157807,"date":"2025-10-14T09:17:26","date_gmt":"2025-10-14T09:17:26","guid":{"rendered":"https:\/\/www.codewayexpo.com\/sudafrica-a-citta-del-capo-la-riunione-g20-su-ambiente-e-clima\/"},"modified":"2025-10-14T09:17:26","modified_gmt":"2025-10-14T09:17:26","slug":"sudafrica-a-citta-del-capo-la-riunione-g20-su-ambiente-e-clima","status":"publish","type":"post","link":"https:\/\/www.codewayexpo.com\/en\/sudafrica-a-citta-del-capo-la-riunione-g20-su-ambiente-e-clima\/","title":{"rendered":"Sudafrica: a Citt\u00e0 del Capo la riunione G20 su ambiente e clima"},"content":{"rendered":"<p>Johannesburg, 14 ott. &#8211; \u00c8 in corso a Citt\u00e0 del Capo il terzo e ultimo incontro del Gruppo di lavoro del G20 su ambiente e sostenibilit\u00e0 climatica (Ecswg), che riunisce le delegazioni dei Paesi membri per discutere le priorit\u00e0 ambientali globali in vista del vertice dei leader previsto per il prossimo mese. I lavori tecnici, iniziati ieri, proseguiranno fino a mercoled\u00ec, mentre la riunione ministeriale si terr\u00e0 da gioved\u00ec 16 a venerd\u00ec 17 ottobre.<\/p>\n<p>Aprendo i lavori, il ministro sudafricano delle Foreste, della Pesca e dell\u2019Ambiente, Dion George, ha dichiarato che le discussioni di questa settimana getteranno le basi per l\u2019adozione della Dichiarazione ministeriale dell\u2019Ecswg, che prender\u00e0 il nome di \u201cDichiarazione di Citt\u00e0 del Capo\u201d. Il documento rappresenter\u00e0 il primo risultato ambientale del G20 elaborato sul suolo africano e funger\u00e0, ha detto il ministro, da \u201cmodello di cooperazione pratica, basato su dati concreti e orientato ai risultati\u201d.<\/p>\n<p>Secondo George, la dichiarazione si articoler\u00e0 intorno a tre impegni principali: accelerare l\u2019attuazione degli accordi internazionali esistenti; rafforzare la cooperazione tra Paesi sviluppati e in via di sviluppo attraverso strumenti finanziari, tecnologici e di formazione; e consolidare la trasparenza e la responsabilit\u00e0 in tutte le aree d\u2019azione ambientale.<\/p>\n<p>Nel corso della settimana, i delegati esamineranno sei aree prioritarie: biodiversit\u00e0 e conservazione; degrado del suolo, desertificazione, siccit\u00e0 e sostenibilit\u00e0 idrica; gestione dei prodotti chimici e dei rifiuti; cambiamenti climatici; qualit\u00e0 dell\u2019aria; oceani e coste. Gli esiti di questi lavori confluiranno nella riunione ministeriale dell\u2019Ecswg e, successivamente, nel vertice dei capi di Stato e di governo del G20.<\/p>\n<p>Tuttavia, l\u2019unit\u00e0 dei partecipanti \u00e8 stata messa alla prova dalle dichiarazioni della capo delegazione statunitense, Usha-Maria Turner, che ha annunciato l\u2019opposizione di Washington ai riferimenti, contenuti nella bozza della dichiarazione, all\u2019Agenda 2030 delle Nazioni Unite e agli Obiettivi di sviluppo sostenibile (SDGs). Turner ha affermato che tali questioni \u201cnon dovrebbero rientrare nelle responsabilit\u00e0 delle organizzazioni internazionali n\u00e9 del G20\u201d.<\/p>\n<p>La posizione degli Stati Uniti, che segue la linea gi\u00e0 adottata durante l\u2019amministrazione Trump nel respingere formalmente l\u2019Agenda 2030 e gli SDGs, ha introdotto un elemento di tensione che potrebbe ostacolare il raggiungimento del consenso pieno sulla Dichiarazione di Citt\u00e0 del Capo, concepita per allineare la cooperazione ambientale del G20 ai principali quadri di sviluppo globale. [<a href=\"https:\/\/cooperazione.infomundi.it\/\" target=\"_blank\">Agenzia Infomundi \u2013 Infocoopera<\/a>]<\/p>\n<p>\u00a9 Riproduzione riservata<\/p>\n","protected":false},"excerpt":{"rendered":"<p>Johannesburg, 14 ott. &#8211; \u00c8 in corso a Citt\u00e0 del Capo il terzo e ultimo incontro del Gruppo di lavoro [&hellip;]<\/p>\n","protected":false},"author":0,"featured_media":0,"comment_status":"closed","ping_status":"","sticky":false,"template":"","format":"standard","meta":{"footnotes":""},"categories":[7],"tags":[143,156],"class_list":["post-157807","post","type-post","status-publish","format-standard","hentry","category-senza-categoria-en","tag-zoom","tag-transizione"],"yoast_head":"<!-- This site is optimized with the Yoast SEO plugin v27.4 - https:\/\/yoast.com\/product\/yoast-seo-wordpress\/ -->\n<title>Sudafrica: a Citt\u00e0 del Capo la riunione G20 su ambiente e clima - CodewayExpo<\/title>\n<meta name=\"robots\" content=\"index, follow, max-snippet:-1, max-image-preview:large, max-video-preview:-1\" \/>\n<link rel=\"canonical\" href=\"https:\/\/www.codewayexpo.com\/en\/sudafrica-a-citta-del-capo-la-riunione-g20-su-ambiente-e-clima\/\" \/>\n<meta property=\"og:locale\" content=\"en_US\" \/>\n<meta property=\"og:type\" content=\"article\" \/>\n<meta property=\"og:title\" content=\"Sudafrica: a Citt\u00e0 del Capo la riunione G20 su ambiente e clima - CodewayExpo\" \/>\n<meta property=\"og:description\" content=\"Johannesburg, 14 ott. &#8211; \u00c8 in corso a Citt\u00e0 del Capo il terzo e ultimo incontro del Gruppo di lavoro [&hellip;]\" \/>\n<meta property=\"og:url\" content=\"https:\/\/www.codewayexpo.com\/en\/sudafrica-a-citta-del-capo-la-riunione-g20-su-ambiente-e-clima\/\" \/>\n<meta property=\"og:site_name\" content=\"CodewayExpo\" \/>\n<meta property=\"article:published_time\" content=\"2025-10-14T09:17:26+00:00\" \/>\n<meta name=\"twitter:card\" content=\"summary_large_image\" \/>\n<meta name=\"twitter:label1\" content=\"Est. reading time\" \/>\n\t<meta name=\"twitter:data1\" content=\"2 minutes\" \/>\n<script type=\"application\/ld+json\" class=\"yoast-schema-graph\">{\"@context\":\"https:\\\/\\\/schema.org\",\"@graph\":[{\"@type\":\"Article\",\"@id\":\"https:\\\/\\\/www.codewayexpo.com\\\/sudafrica-a-citta-del-capo-la-riunione-g20-su-ambiente-e-clima\\\/#article\",\"isPartOf\":{\"@id\":\"https:\\\/\\\/www.codewayexpo.com\\\/sudafrica-a-citta-del-capo-la-riunione-g20-su-ambiente-e-clima\\\/\"},\"author\":{\"name\":\"\",\"@id\":\"\"},\"headline\":\"Sudafrica: a Citt\u00e0 del Capo la riunione G20 su ambiente e clima\",\"datePublished\":\"2025-10-14T09:17:26+00:00\",\"mainEntityOfPage\":{\"@id\":\"https:\\\/\\\/www.codewayexpo.com\\\/sudafrica-a-citta-del-capo-la-riunione-g20-su-ambiente-e-clima\\\/\"},\"wordCount\":389,\"keywords\":[\"Zoom\",\"Transizione\"],\"articleSection\":[\"Senza categoria\"],\"inLanguage\":\"en-US\"},{\"@type\":\"WebPage\",\"@id\":\"https:\\\/\\\/www.codewayexpo.com\\\/sudafrica-a-citta-del-capo-la-riunione-g20-su-ambiente-e-clima\\\/\",\"url\":\"https:\\\/\\\/www.codewayexpo.com\\\/sudafrica-a-citta-del-capo-la-riunione-g20-su-ambiente-e-clima\\\/\",\"name\":\"Sudafrica: a Citt\u00e0 del Capo la riunione G20 su ambiente e clima - CodewayExpo\",\"isPartOf\":{\"@id\":\"https:\\\/\\\/www.codewayexpo.com\\\/#website\"},\"datePublished\":\"2025-10-14T09:17:26+00:00\",\"author\":{\"@id\":\"\"},\"breadcrumb\":{\"@id\":\"https:\\\/\\\/www.codewayexpo.com\\\/sudafrica-a-citta-del-capo-la-riunione-g20-su-ambiente-e-clima\\\/#breadcrumb\"},\"inLanguage\":\"en-US\",\"potentialAction\":[{\"@type\":\"ReadAction\",\"target\":[\"https:\\\/\\\/www.codewayexpo.com\\\/sudafrica-a-citta-del-capo-la-riunione-g20-su-ambiente-e-clima\\\/\"]}]},{\"@type\":\"BreadcrumbList\",\"@id\":\"https:\\\/\\\/www.codewayexpo.com\\\/sudafrica-a-citta-del-capo-la-riunione-g20-su-ambiente-e-clima\\\/#breadcrumb\",\"itemListElement\":[{\"@type\":\"ListItem\",\"position\":1,\"name\":\"Home\",\"item\":\"https:\\\/\\\/www.codewayexpo.com\\\/\"},{\"@type\":\"ListItem\",\"position\":2,\"name\":\"Sudafrica: a Citt\u00e0 del Capo la riunione G20 su ambiente e clima\"}]},{\"@type\":\"WebSite\",\"@id\":\"https:\\\/\\\/www.codewayexpo.com\\\/#website\",\"url\":\"https:\\\/\\\/www.codewayexpo.com\\\/\",\"name\":\"CodewayExpo\",\"description\":\"Cooperation Development Expo\",\"potentialAction\":[{\"@type\":\"SearchAction\",\"target\":{\"@type\":\"EntryPoint\",\"urlTemplate\":\"https:\\\/\\\/www.codewayexpo.com\\\/?s={search_term_string}\"},\"query-input\":{\"@type\":\"PropertyValueSpecification\",\"valueRequired\":true,\"valueName\":\"search_term_string\"}}],\"inLanguage\":\"en-US\"}]}<\/script>\n<!-- \/ Yoast SEO plugin. -->","yoast_head_json":{"title":"Sudafrica: a Citt\u00e0 del Capo la riunione G20 su ambiente e clima - CodewayExpo","robots":{"index":"index","follow":"follow","max-snippet":"max-snippet:-1","max-image-preview":"max-image-preview:large","max-video-preview":"max-video-preview:-1"},"canonical":"https:\/\/www.codewayexpo.com\/en\/sudafrica-a-citta-del-capo-la-riunione-g20-su-ambiente-e-clima\/","og_locale":"en_US","og_type":"article","og_title":"Sudafrica: a Citt\u00e0 del Capo la riunione G20 su ambiente e clima - CodewayExpo","og_description":"Johannesburg, 14 ott. &#8211; \u00c8 in corso a Citt\u00e0 del Capo il terzo e ultimo incontro del Gruppo di lavoro [&hellip;]","og_url":"https:\/\/www.codewayexpo.com\/en\/sudafrica-a-citta-del-capo-la-riunione-g20-su-ambiente-e-clima\/","og_site_name":"CodewayExpo","article_published_time":"2025-10-14T09:17:26+00:00","twitter_card":"summary_large_image","twitter_misc":{"Est. reading time":"2 minutes"},"schema":{"@context":"https:\/\/schema.org","@graph":[{"@type":"Article","@id":"https:\/\/www.codewayexpo.com\/sudafrica-a-citta-del-capo-la-riunione-g20-su-ambiente-e-clima\/#article","isPartOf":{"@id":"https:\/\/www.codewayexpo.com\/sudafrica-a-citta-del-capo-la-riunione-g20-su-ambiente-e-clima\/"},"author":{"name":"","@id":""},"headline":"Sudafrica: a Citt\u00e0 del Capo la riunione G20 su ambiente e clima","datePublished":"2025-10-14T09:17:26+00:00","mainEntityOfPage":{"@id":"https:\/\/www.codewayexpo.com\/sudafrica-a-citta-del-capo-la-riunione-g20-su-ambiente-e-clima\/"},"wordCount":389,"keywords":["Zoom","Transizione"],"articleSection":["Senza categoria"],"inLanguage":"en-US"},{"@type":"WebPage","@id":"https:\/\/www.codewayexpo.com\/sudafrica-a-citta-del-capo-la-riunione-g20-su-ambiente-e-clima\/","url":"https:\/\/www.codewayexpo.com\/sudafrica-a-citta-del-capo-la-riunione-g20-su-ambiente-e-clima\/","name":"Sudafrica: a Citt\u00e0 del Capo la riunione G20 su ambiente e clima - CodewayExpo","isPartOf":{"@id":"https:\/\/www.codewayexpo.com\/#website"},"datePublished":"2025-10-14T09:17:26+00:00","author":{"@id":""},"breadcrumb":{"@id":"https:\/\/www.codewayexpo.com\/sudafrica-a-citta-del-capo-la-riunione-g20-su-ambiente-e-clima\/#breadcrumb"},"inLanguage":"en-US","potentialAction":[{"@type":"ReadAction","target":["https:\/\/www.codewayexpo.com\/sudafrica-a-citta-del-capo-la-riunione-g20-su-ambiente-e-clima\/"]}]},{"@type":"BreadcrumbList","@id":"https:\/\/www.codewayexpo.com\/sudafrica-a-citta-del-capo-la-riunione-g20-su-ambiente-e-clima\/#breadcrumb","itemListElement":[{"@type":"ListItem","position":1,"name":"Home","item":"https:\/\/www.codewayexpo.com\/"},{"@type":"ListItem","position":2,"name":"Sudafrica: a Citt\u00e0 del Capo la riunione G20 su ambiente e clima"}]},{"@type":"WebSite","@id":"https:\/\/www.codewayexpo.com\/#website","url":"https:\/\/www.codewayexpo.com\/","name":"CodewayExpo","description":"Cooperation Development Expo","potentialAction":[{"@type":"SearchAction","target":{"@type":"EntryPoint","urlTemplate":"https:\/\/www.codewayexpo.com\/?s={search_term_string}"},"query-input":{"@type":"PropertyValueSpecification","valueRequired":true,"valueName":"search_term_string"}}],"inLanguage":"en-US"}]}},"_links":{"self":[{"href":"https:\/\/www.codewayexpo.com\/en\/wp-json\/wp\/v2\/posts\/157807","targetHints":{"allow":["GET"]}}],"collection":[{"href":"https:\/\/www.codewayexpo.com\/en\/wp-json\/wp\/v2\/posts"}],"about":[{"href":"https:\/\/www.codewayexpo.com\/en\/wp-json\/wp\/v2\/types\/post"}],"replies":[{"embeddable":true,"href":"https:\/\/www.codewayexpo.com\/en\/wp-json\/wp\/v2\/comments?post=157807"}],"version-history":[{"count":1,"href":"https:\/\/www.codewayexpo.com\/en\/wp-json\/wp\/v2\/posts\/157807\/revisions"}],"predecessor-version":[{"id":157809,"href":"https:\/\/www.codewayexpo.com\/en\/wp-json\/wp\/v2\/posts\/157807\/revisions\/157809"}],"wp:attachment":[{"href":"https:\/\/www.codewayexpo.com\/en\/wp-json\/wp\/v2\/media?parent=157807"}],"wp:term":[{"taxonomy":"category","embeddable":true,"href":"https:\/\/www.codewayexpo.com\/en\/wp-json\/wp\/v2\/categories?post=157807"},{"taxonomy":"post_tag","embeddable":true,"href":"https:\/\/www.codewayexpo.com\/en\/wp-json\/wp\/v2\/tags?post=157807"}],"curies":[{"name":"wp","href":"https:\/\/api.w.org\/{rel}","templated":true}]}}