{"id":157779,"date":"2025-10-10T09:00:33","date_gmt":"2025-10-10T09:00:33","guid":{"rendered":"https:\/\/www.codewayexpo.com\/africa-salute-mentale-la-percezione-degli-italiani\/"},"modified":"2025-10-10T09:00:33","modified_gmt":"2025-10-10T09:00:33","slug":"africa-salute-mentale-la-percezione-degli-italiani","status":"publish","type":"post","link":"https:\/\/www.codewayexpo.com\/en\/africa-salute-mentale-la-percezione-degli-italiani\/","title":{"rendered":"Africa: salute mentale, la percezione degli italiani"},"content":{"rendered":"<p>Roma, 10 ott. &#8211; In occasione della Giornata mondiale della salute mentale, oggi 10 ottobre \u00e8 stata diffusa un&#8217;indagine condotta da Ipsos per Amref. Dal Sud Sudan &#8211; dove si registra il quarto tasso di suicidi pi\u00f9 elevato del continente &#8211; al ruolo che i conflitti, i disastri naturali e le crisi umanitarie in Africa incidono nel peggiorare il benessere psicologico delle persone, l&#8217;indagine mette in luce anche che cosa pensano gli italiani della salute mentale in Africa.<\/p>\n<p>La GenZ si rivela \u2013 nell\u2019indagine Ipsos &#8211; una generazione particolarmente sensibile al tema della salute mentale. Il 58% del totale degli intervistati ritiene che la salute mentale di chi vive nel Continente africano sia un problema grave. Tale timore sale, appunto, al 62% tra la GenZ. Il 26% del campione non \u00e8 in grado di esprimersi, soprattutto tra i Baby Boomers (32%).<\/p>\n<p>Sempre secondo l&#8217;indagine di Ipsos per Amref, \u00a0il 54% del campione sostiene che i problemi di salute mentale siano gravi tanto quanto quelli legati alla salute fisica. Poco meno di uno su quattro (23%) sostiene invece che i problemi di salute mentale sono meno importanti di quelli di salute fisica. Circa uno su dieci (13%) pensa invece che siano proprio i problemi di salute mentale a dover essere attenzionati maggiormente, rispetto a quelli fisici.<\/p>\n<p>Agli inizi di settembre, l&#8217;Organizzazione Mondiale della Sanit\u00e0 ha lanciato un allarme proprio su questo tema: nel mondo sono oltre un miliardo le persone che hanno problemi di salute mentale, su tutte ansia e depressione. Quest&#8217;ultime costano all&#8217;economia mondiale 1 trilione di dollari Usa, ogni anno. Secondo gli studi dell\u2019Oms i Paesi ad alto reddito spendono fino a 65 dollari pro capite, mentre quelli a basso reddito appena lo 0,04.<\/p>\n<p>I fattori socioeconomici sono indubbiamente una causa del malessere mentale delle persone che abitano il continente africano. A pensarlo &#8211; secondo l\u2019indagine di Ipsos per Amref &#8211; l\u201980% del campione, che sale all\u201984% tra i Baby Boomers. Ancora pi\u00f9 incisivi sul malessere mentale degli africani i conflitti, i disastri naturali e le crisi umanitarie. La percentuale di adesione a questa opinione si assesta all\u201985% arrivando fino al 90% tra i Baby Boomers.<\/p>\n<p>Conflitti e crisi sono consuetudine nel Paese pi\u00f9 giovane al mondo, il Sud Sudan. Colpito da una guerra durata 22 anni, che poi ha visto il distacco dall&#8217;attuale Sudan e la nascita di un nuovo Paese nel 2011, e da due guerre civili, nel 2013 e 2016. Violenze e insicurezza ne hanno a lungo minato lo sviluppo socioeconomico. Oggi oltre la met\u00e0 dei suoi circa 12 milioni di cittadini vive al di sotto della soglia di povert\u00e0. Qui si registra il quarto tasso di suicidi pi\u00f9 elevato del Continente e un quinto della popolazione \u00e8 afflitto o \u00e8 a rischio di sviluppare disturbi psicologici o psichiatrici.<\/p>\n<p>&#8220;Le conseguenze del conflitto sono ancora evidenti. Abbiamo perso molte propriet\u00e0 e la notte non si riesce a dormire, tormentati dai pensieri di cosa ancora potrebbe accadere&#8221; racconta Paul Monday, leader dei giovani a Mundri, Stato dell\u2019Equatoria Occidentale del Sud Sudan, in un&#8217;intervista video. Eva racconta &#8220;mia figlia Penina ha dato fuoco alla nostra casa. Era in preda a psicosi. In prigione \u00e8 stata visitata da un dottore e da l\u00ec \u00e8 iniziata una cura, che oggi la sta aiutando&#8221;. Quelle di Paul ed Eva sono solo due delle molte storie raccolte attraverso il progetto M(h)ind..<\/p>\n<p>&#8220;In Sud Sudan stiamo lavorando ad un\u2019iniziativa innovativa. La prima iniziativa interamente dedicata all&#8217;espansione di servizi di salute mentale a livello comunitario, primario e secondario, pienamente integrata nel sistema sanitario locale, in linea con la visione del Ministero della Sanit\u00e0 del Sud Sudan&#8221; racconta cos\u00ec il progetto M(h)ind, la direttrice di Amref Italia, Roberta Rughetti \u201cPer troppo tempo la salute mentale \u00e8 stata considerata un lusso, soprattutto in Africa. Oggi abbiamo il dovere di trattarla per ci\u00f2 che \u00e8: un diritto e non un privilegio. La salute mentale non pu\u00f2 pi\u00f9 essere l\u2019ultima tra le priorit\u00e0 della cooperazione sanitaria. Colmare questo divario che lascia senza cura il 75% delle persone nei Paesi a basso reddito \u00e8 una responsabilit\u00e0 comune e non un\u2019opzione\u201d.<\/p>\n<p>Grazie a Mental Health Integrated Development (Mhind), un progetto pilota volto a sviluppare i servizi di salute mentale in otto dei 79 distretti del Sud Sudan, dal 2022, oltre 15.000 sudsudanesi hanno ricevuto assistenza per la salute mentale. Il progetto &#8211; Co-finanziato da Agenzia Italiana per la Cooperazione allo Sviluppo (Aics) e Stavros Niarchos Foundation (Snf) &#8211; vede insieme Amref Health Africa, in collaborazione con il Ministero della Salute del Sud Sudan, Caritas italiana, Caritas South Sudan, BBC Media Action e Who Collaborating Centre for Research and Training in Mental Health and Service Evaluation dell&#8217;Universit\u00e0 di Verona.<\/p>\n<p>Proprio UniVerona, rappresentata da Michela Nos\u00e8, in un\u2019intervista concessa ad Amref afferma \u201cNon si pu\u00f2 pensare a sviluppo, pace e benessere se non si affrontano i traumi, lo stress e la sofferenza psicologica di milioni di persone\u201d continua Nos\u00e9 \u201cSe i risultati di M(h)ind saranno confermati, potranno servire da modello per altri Paesi a basso reddito. Al mondo accademico porteremo dati solidi di efficacia e implementabilit\u00e0; ai decisori politici, evidenze concrete per includere la salute mentale nei programmi sanitari e di sviluppo\u201d.<\/p>\n<p>Mario Alessandra (Founder &amp; Ceo di Mindwork) afferma \u201ctroppo spesso si pensa che la salute mentale sia un privilegio riservato a chi pu\u00f2 permetterselo, o un tema secondario per chi vive in contesti di guerra o in condizioni economiche difficili. Siamo con Amref perch\u00e9 crediamo, al contrario, che la salute mentale sia la base senza cui non pu\u00f2 esserci rinascita, crescita e prosperit\u00e0.&#8221;<\/p>\n<p>Amref Heath Africa \u00e8 la pi\u00f9 grande organizzazione sanitaria africana senza fini di lucro, fondata a Nairobi nel 1957. In Africa, Amref crea le condizioni per una vita in salute attraverso interventi di assistenza e formazione sanitaria, tutela della salute materno infantile, protezione dell\u2019infanzia, accesso all\u2019acqua e ai servizi igienici ed empowerment delle donne. Ogni anno sono pi\u00f9 di 30milioni i beneficiari raggiunti attraverso progetti attivi in 35 Paesi a sud del Sahara.<\/p>\n<p>&nbsp; [<a href=\"https:\/\/cooperazione.infomundi.it\/\" target=\"_blank\">Agenzia Infomundi \u2013 Infocoopera<\/a>]<\/p>\n<p>\u00a9 Riproduzione riservata<\/p>\n","protected":false},"excerpt":{"rendered":"<p>Roma, 10 ott. &#8211; In occasione della Giornata mondiale della salute mentale, oggi 10 ottobre \u00e8 stata diffusa un&#8217;indagine condotta [&hellip;]<\/p>\n","protected":false},"author":0,"featured_media":0,"comment_status":"","ping_status":"","sticky":false,"template":"","format":"standard","meta":{"footnotes":""},"categories":[7],"tags":[141,153,154],"class_list":["post-157779","post","type-post","status-publish","format-standard","hentry","category-senza-categoria-en","tag-sviluppo-e-cooperazione","tag-sanita","tag-sicurezza"],"yoast_head":"<!-- This site is optimized with the Yoast SEO plugin v27.4 - https:\/\/yoast.com\/product\/yoast-seo-wordpress\/ -->\n<title>Africa: salute mentale, la percezione degli italiani - CodewayExpo<\/title>\n<meta name=\"robots\" content=\"index, follow, max-snippet:-1, max-image-preview:large, max-video-preview:-1\" \/>\n<link rel=\"canonical\" href=\"https:\/\/www.codewayexpo.com\/en\/africa-salute-mentale-la-percezione-degli-italiani\/\" \/>\n<meta property=\"og:locale\" content=\"en_US\" \/>\n<meta property=\"og:type\" content=\"article\" \/>\n<meta property=\"og:title\" content=\"Africa: salute mentale, la percezione degli italiani - CodewayExpo\" \/>\n<meta property=\"og:description\" content=\"Roma, 10 ott. &#8211; In occasione della Giornata mondiale della salute mentale, oggi 10 ottobre \u00e8 stata diffusa un&#8217;indagine condotta [&hellip;]\" \/>\n<meta property=\"og:url\" content=\"https:\/\/www.codewayexpo.com\/en\/africa-salute-mentale-la-percezione-degli-italiani\/\" \/>\n<meta property=\"og:site_name\" content=\"CodewayExpo\" \/>\n<meta property=\"article:published_time\" content=\"2025-10-10T09:00:33+00:00\" \/>\n<meta name=\"twitter:card\" content=\"summary_large_image\" \/>\n<meta name=\"twitter:label1\" content=\"Est. reading time\" \/>\n\t<meta name=\"twitter:data1\" content=\"5 minutes\" \/>\n<script type=\"application\/ld+json\" class=\"yoast-schema-graph\">{\"@context\":\"https:\\\/\\\/schema.org\",\"@graph\":[{\"@type\":\"Article\",\"@id\":\"https:\\\/\\\/www.codewayexpo.com\\\/africa-salute-mentale-la-percezione-degli-italiani\\\/#article\",\"isPartOf\":{\"@id\":\"https:\\\/\\\/www.codewayexpo.com\\\/africa-salute-mentale-la-percezione-degli-italiani\\\/\"},\"author\":{\"name\":\"\",\"@id\":\"\"},\"headline\":\"Africa: salute mentale, la percezione degli italiani\",\"datePublished\":\"2025-10-10T09:00:33+00:00\",\"mainEntityOfPage\":{\"@id\":\"https:\\\/\\\/www.codewayexpo.com\\\/africa-salute-mentale-la-percezione-degli-italiani\\\/\"},\"wordCount\":999,\"keywords\":[\"Sviluppo e cooperazione\",\"Sanit\u00e0\",\"Sicurezza\"],\"articleSection\":[\"Senza categoria\"],\"inLanguage\":\"en-US\"},{\"@type\":\"WebPage\",\"@id\":\"https:\\\/\\\/www.codewayexpo.com\\\/africa-salute-mentale-la-percezione-degli-italiani\\\/\",\"url\":\"https:\\\/\\\/www.codewayexpo.com\\\/africa-salute-mentale-la-percezione-degli-italiani\\\/\",\"name\":\"Africa: salute mentale, la percezione degli italiani - CodewayExpo\",\"isPartOf\":{\"@id\":\"https:\\\/\\\/www.codewayexpo.com\\\/#website\"},\"datePublished\":\"2025-10-10T09:00:33+00:00\",\"author\":{\"@id\":\"\"},\"breadcrumb\":{\"@id\":\"https:\\\/\\\/www.codewayexpo.com\\\/africa-salute-mentale-la-percezione-degli-italiani\\\/#breadcrumb\"},\"inLanguage\":\"en-US\",\"potentialAction\":[{\"@type\":\"ReadAction\",\"target\":[\"https:\\\/\\\/www.codewayexpo.com\\\/africa-salute-mentale-la-percezione-degli-italiani\\\/\"]}]},{\"@type\":\"BreadcrumbList\",\"@id\":\"https:\\\/\\\/www.codewayexpo.com\\\/africa-salute-mentale-la-percezione-degli-italiani\\\/#breadcrumb\",\"itemListElement\":[{\"@type\":\"ListItem\",\"position\":1,\"name\":\"Home\",\"item\":\"https:\\\/\\\/www.codewayexpo.com\\\/\"},{\"@type\":\"ListItem\",\"position\":2,\"name\":\"Africa: salute mentale, la percezione degli italiani\"}]},{\"@type\":\"WebSite\",\"@id\":\"https:\\\/\\\/www.codewayexpo.com\\\/#website\",\"url\":\"https:\\\/\\\/www.codewayexpo.com\\\/\",\"name\":\"CodewayExpo\",\"description\":\"Cooperation Development Expo\",\"potentialAction\":[{\"@type\":\"SearchAction\",\"target\":{\"@type\":\"EntryPoint\",\"urlTemplate\":\"https:\\\/\\\/www.codewayexpo.com\\\/?s={search_term_string}\"},\"query-input\":{\"@type\":\"PropertyValueSpecification\",\"valueRequired\":true,\"valueName\":\"search_term_string\"}}],\"inLanguage\":\"en-US\"}]}<\/script>\n<!-- \/ Yoast SEO plugin. -->","yoast_head_json":{"title":"Africa: salute mentale, la percezione degli italiani - CodewayExpo","robots":{"index":"index","follow":"follow","max-snippet":"max-snippet:-1","max-image-preview":"max-image-preview:large","max-video-preview":"max-video-preview:-1"},"canonical":"https:\/\/www.codewayexpo.com\/en\/africa-salute-mentale-la-percezione-degli-italiani\/","og_locale":"en_US","og_type":"article","og_title":"Africa: salute mentale, la percezione degli italiani - CodewayExpo","og_description":"Roma, 10 ott. &#8211; In occasione della Giornata mondiale della salute mentale, oggi 10 ottobre \u00e8 stata diffusa un&#8217;indagine condotta [&hellip;]","og_url":"https:\/\/www.codewayexpo.com\/en\/africa-salute-mentale-la-percezione-degli-italiani\/","og_site_name":"CodewayExpo","article_published_time":"2025-10-10T09:00:33+00:00","twitter_card":"summary_large_image","twitter_misc":{"Est. reading time":"5 minutes"},"schema":{"@context":"https:\/\/schema.org","@graph":[{"@type":"Article","@id":"https:\/\/www.codewayexpo.com\/africa-salute-mentale-la-percezione-degli-italiani\/#article","isPartOf":{"@id":"https:\/\/www.codewayexpo.com\/africa-salute-mentale-la-percezione-degli-italiani\/"},"author":{"name":"","@id":""},"headline":"Africa: salute mentale, la percezione degli italiani","datePublished":"2025-10-10T09:00:33+00:00","mainEntityOfPage":{"@id":"https:\/\/www.codewayexpo.com\/africa-salute-mentale-la-percezione-degli-italiani\/"},"wordCount":999,"keywords":["Sviluppo e cooperazione","Sanit\u00e0","Sicurezza"],"articleSection":["Senza categoria"],"inLanguage":"en-US"},{"@type":"WebPage","@id":"https:\/\/www.codewayexpo.com\/africa-salute-mentale-la-percezione-degli-italiani\/","url":"https:\/\/www.codewayexpo.com\/africa-salute-mentale-la-percezione-degli-italiani\/","name":"Africa: salute mentale, la percezione degli italiani - CodewayExpo","isPartOf":{"@id":"https:\/\/www.codewayexpo.com\/#website"},"datePublished":"2025-10-10T09:00:33+00:00","author":{"@id":""},"breadcrumb":{"@id":"https:\/\/www.codewayexpo.com\/africa-salute-mentale-la-percezione-degli-italiani\/#breadcrumb"},"inLanguage":"en-US","potentialAction":[{"@type":"ReadAction","target":["https:\/\/www.codewayexpo.com\/africa-salute-mentale-la-percezione-degli-italiani\/"]}]},{"@type":"BreadcrumbList","@id":"https:\/\/www.codewayexpo.com\/africa-salute-mentale-la-percezione-degli-italiani\/#breadcrumb","itemListElement":[{"@type":"ListItem","position":1,"name":"Home","item":"https:\/\/www.codewayexpo.com\/"},{"@type":"ListItem","position":2,"name":"Africa: salute mentale, la percezione degli italiani"}]},{"@type":"WebSite","@id":"https:\/\/www.codewayexpo.com\/#website","url":"https:\/\/www.codewayexpo.com\/","name":"CodewayExpo","description":"Cooperation Development Expo","potentialAction":[{"@type":"SearchAction","target":{"@type":"EntryPoint","urlTemplate":"https:\/\/www.codewayexpo.com\/?s={search_term_string}"},"query-input":{"@type":"PropertyValueSpecification","valueRequired":true,"valueName":"search_term_string"}}],"inLanguage":"en-US"}]}},"_links":{"self":[{"href":"https:\/\/www.codewayexpo.com\/en\/wp-json\/wp\/v2\/posts\/157779","targetHints":{"allow":["GET"]}}],"collection":[{"href":"https:\/\/www.codewayexpo.com\/en\/wp-json\/wp\/v2\/posts"}],"about":[{"href":"https:\/\/www.codewayexpo.com\/en\/wp-json\/wp\/v2\/types\/post"}],"replies":[{"embeddable":true,"href":"https:\/\/www.codewayexpo.com\/en\/wp-json\/wp\/v2\/comments?post=157779"}],"version-history":[{"count":0,"href":"https:\/\/www.codewayexpo.com\/en\/wp-json\/wp\/v2\/posts\/157779\/revisions"}],"wp:attachment":[{"href":"https:\/\/www.codewayexpo.com\/en\/wp-json\/wp\/v2\/media?parent=157779"}],"wp:term":[{"taxonomy":"category","embeddable":true,"href":"https:\/\/www.codewayexpo.com\/en\/wp-json\/wp\/v2\/categories?post=157779"},{"taxonomy":"post_tag","embeddable":true,"href":"https:\/\/www.codewayexpo.com\/en\/wp-json\/wp\/v2\/tags?post=157779"}],"curies":[{"name":"wp","href":"https:\/\/api.w.org\/{rel}","templated":true}]}}