{"id":157680,"date":"2025-08-28T07:06:19","date_gmt":"2025-08-28T07:06:19","guid":{"rendered":"https:\/\/www.codewayexpo.com\/etiopia-dal-primo-settembre-la-climate-week-di-addis-abeba\/"},"modified":"2025-08-28T07:06:19","modified_gmt":"2025-08-28T07:06:19","slug":"etiopia-dal-primo-settembre-la-climate-week-di-addis-abeba","status":"publish","type":"post","link":"https:\/\/www.codewayexpo.com\/en\/etiopia-dal-primo-settembre-la-climate-week-di-addis-abeba\/","title":{"rendered":"Etiopia: dal primo settembre la Climate Week di Addis Abeba"},"content":{"rendered":"<p>Addis Abeba, 28 ago. &#8211; Dal 1 al 6 settembre si terr\u00e0 ad Addis Abeba la seconda Climate Week del 2025 (CW2), organizzata da Un Climate Change in collaborazione con il governo federale etiope. L\u2019evento riunir\u00e0 delegati governativi, istituzioni finanziarie, imprese, societ\u00e0 civile e comunit\u00e0 indigene con l\u2019obiettivo di accelerare l\u2019attuazione delle politiche climatiche.<\/p>\n<p>Secondo quanto comunicato dalla Convenzione quadro delle Nazioni Unite sui cambiamenti climatici (Unfccc), i lavori si concentreranno sul passaggio dagli impegni a soluzioni pratiche in materia di finanza, adattamento, mitigazione e transizione giusta. Tra le esperienze che verranno presentate figurano progetti di riciclo comunitario in Kenya, green bond emessi in Marocco e strumenti digitali di monitoraggio delle politiche.<\/p>\n<p>Il programma prevede sessioni tematiche e l\u2019Implementation Forum, piattaforma che ospiter\u00e0 laboratori, tavole rotonde e dialoghi per discutere ostacoli e soluzioni operative.<\/p>\n<p>La Climate Week di Addis Abeba si inserisce nel nuovo modello lanciato dalle Nazioni Unite quest\u2019anno, che raggruppa eventi tecnici e negoziali nel quadro del processo della Convenzione quadro delle Nazioni Unite sui cambiamenti climatici (Unfccc) in vista della COP30 di Bel\u00e9m, in Brasile. [<a href=\"https:\/\/cooperazione.infomundi.it\/\" target=\"_blank\">Agenzia Infomundi \u2013 Infocoopera<\/a>]<\/p>\n<p>\u00a9 Riproduzione riservata<\/p>\n","protected":false},"excerpt":{"rendered":"<p>Addis Abeba, 28 ago. &#8211; Dal 1 al 6 settembre si terr\u00e0 ad Addis Abeba la seconda Climate Week del [&hellip;]<\/p>\n","protected":false},"author":0,"featured_media":0,"comment_status":"","ping_status":"","sticky":false,"template":"","format":"standard","meta":{"footnotes":""},"categories":[7],"tags":[141,156],"class_list":["post-157680","post","type-post","status-publish","format-standard","hentry","category-senza-categoria-en","tag-sviluppo-e-cooperazione","tag-transizione"],"yoast_head":"<!-- This site is optimized with the Yoast SEO plugin v27.5 - https:\/\/yoast.com\/product\/yoast-seo-wordpress\/ -->\n<title>Etiopia: dal primo settembre la Climate Week di Addis Abeba - CodewayExpo<\/title>\n<meta name=\"robots\" content=\"index, follow, max-snippet:-1, max-image-preview:large, max-video-preview:-1\" \/>\n<link rel=\"canonical\" href=\"https:\/\/www.codewayexpo.com\/en\/etiopia-dal-primo-settembre-la-climate-week-di-addis-abeba\/\" \/>\n<meta property=\"og:locale\" content=\"en_US\" \/>\n<meta property=\"og:type\" content=\"article\" \/>\n<meta property=\"og:title\" content=\"Etiopia: dal primo settembre la Climate Week di Addis Abeba - CodewayExpo\" \/>\n<meta property=\"og:description\" content=\"Addis Abeba, 28 ago. &#8211; Dal 1 al 6 settembre si terr\u00e0 ad Addis Abeba la seconda Climate Week del [&hellip;]\" \/>\n<meta property=\"og:url\" content=\"https:\/\/www.codewayexpo.com\/en\/etiopia-dal-primo-settembre-la-climate-week-di-addis-abeba\/\" \/>\n<meta property=\"og:site_name\" content=\"CodewayExpo\" \/>\n<meta property=\"article:published_time\" content=\"2025-08-28T07:06:19+00:00\" \/>\n<meta name=\"twitter:card\" content=\"summary_large_image\" \/>\n<meta name=\"twitter:label1\" content=\"Est. reading time\" \/>\n\t<meta name=\"twitter:data1\" content=\"1 minute\" \/>\n<script type=\"application\/ld+json\" class=\"yoast-schema-graph\">{\"@context\":\"https:\\\/\\\/schema.org\",\"@graph\":[{\"@type\":\"Article\",\"@id\":\"https:\\\/\\\/www.codewayexpo.com\\\/etiopia-dal-primo-settembre-la-climate-week-di-addis-abeba\\\/#article\",\"isPartOf\":{\"@id\":\"https:\\\/\\\/www.codewayexpo.com\\\/etiopia-dal-primo-settembre-la-climate-week-di-addis-abeba\\\/\"},\"author\":{\"name\":\"\",\"@id\":\"\"},\"headline\":\"Etiopia: dal primo settembre la Climate Week di Addis Abeba\",\"datePublished\":\"2025-08-28T07:06:19+00:00\",\"mainEntityOfPage\":{\"@id\":\"https:\\\/\\\/www.codewayexpo.com\\\/etiopia-dal-primo-settembre-la-climate-week-di-addis-abeba\\\/\"},\"wordCount\":194,\"keywords\":[\"Sviluppo e cooperazione\",\"Transizione\"],\"articleSection\":[\"Senza categoria\"],\"inLanguage\":\"en-US\"},{\"@type\":\"WebPage\",\"@id\":\"https:\\\/\\\/www.codewayexpo.com\\\/etiopia-dal-primo-settembre-la-climate-week-di-addis-abeba\\\/\",\"url\":\"https:\\\/\\\/www.codewayexpo.com\\\/etiopia-dal-primo-settembre-la-climate-week-di-addis-abeba\\\/\",\"name\":\"Etiopia: dal primo settembre la Climate Week di Addis Abeba - CodewayExpo\",\"isPartOf\":{\"@id\":\"https:\\\/\\\/www.codewayexpo.com\\\/#website\"},\"datePublished\":\"2025-08-28T07:06:19+00:00\",\"author\":{\"@id\":\"\"},\"breadcrumb\":{\"@id\":\"https:\\\/\\\/www.codewayexpo.com\\\/etiopia-dal-primo-settembre-la-climate-week-di-addis-abeba\\\/#breadcrumb\"},\"inLanguage\":\"en-US\",\"potentialAction\":[{\"@type\":\"ReadAction\",\"target\":[\"https:\\\/\\\/www.codewayexpo.com\\\/etiopia-dal-primo-settembre-la-climate-week-di-addis-abeba\\\/\"]}]},{\"@type\":\"BreadcrumbList\",\"@id\":\"https:\\\/\\\/www.codewayexpo.com\\\/etiopia-dal-primo-settembre-la-climate-week-di-addis-abeba\\\/#breadcrumb\",\"itemListElement\":[{\"@type\":\"ListItem\",\"position\":1,\"name\":\"Home\",\"item\":\"https:\\\/\\\/www.codewayexpo.com\\\/\"},{\"@type\":\"ListItem\",\"position\":2,\"name\":\"Etiopia: dal primo settembre la Climate Week di Addis Abeba\"}]},{\"@type\":\"WebSite\",\"@id\":\"https:\\\/\\\/www.codewayexpo.com\\\/#website\",\"url\":\"https:\\\/\\\/www.codewayexpo.com\\\/\",\"name\":\"CodewayExpo\",\"description\":\"Cooperation Development Expo\",\"potentialAction\":[{\"@type\":\"SearchAction\",\"target\":{\"@type\":\"EntryPoint\",\"urlTemplate\":\"https:\\\/\\\/www.codewayexpo.com\\\/?s={search_term_string}\"},\"query-input\":{\"@type\":\"PropertyValueSpecification\",\"valueRequired\":true,\"valueName\":\"search_term_string\"}}],\"inLanguage\":\"en-US\"}]}<\/script>\n<!-- \/ Yoast SEO plugin. -->","yoast_head_json":{"title":"Etiopia: dal primo settembre la Climate Week di Addis Abeba - CodewayExpo","robots":{"index":"index","follow":"follow","max-snippet":"max-snippet:-1","max-image-preview":"max-image-preview:large","max-video-preview":"max-video-preview:-1"},"canonical":"https:\/\/www.codewayexpo.com\/en\/etiopia-dal-primo-settembre-la-climate-week-di-addis-abeba\/","og_locale":"en_US","og_type":"article","og_title":"Etiopia: dal primo settembre la Climate Week di Addis Abeba - CodewayExpo","og_description":"Addis Abeba, 28 ago. &#8211; Dal 1 al 6 settembre si terr\u00e0 ad Addis Abeba la seconda Climate Week del [&hellip;]","og_url":"https:\/\/www.codewayexpo.com\/en\/etiopia-dal-primo-settembre-la-climate-week-di-addis-abeba\/","og_site_name":"CodewayExpo","article_published_time":"2025-08-28T07:06:19+00:00","twitter_card":"summary_large_image","twitter_misc":{"Est. reading time":"1 minute"},"schema":{"@context":"https:\/\/schema.org","@graph":[{"@type":"Article","@id":"https:\/\/www.codewayexpo.com\/etiopia-dal-primo-settembre-la-climate-week-di-addis-abeba\/#article","isPartOf":{"@id":"https:\/\/www.codewayexpo.com\/etiopia-dal-primo-settembre-la-climate-week-di-addis-abeba\/"},"author":{"name":"","@id":""},"headline":"Etiopia: dal primo settembre la Climate Week di Addis Abeba","datePublished":"2025-08-28T07:06:19+00:00","mainEntityOfPage":{"@id":"https:\/\/www.codewayexpo.com\/etiopia-dal-primo-settembre-la-climate-week-di-addis-abeba\/"},"wordCount":194,"keywords":["Sviluppo e cooperazione","Transizione"],"articleSection":["Senza categoria"],"inLanguage":"en-US"},{"@type":"WebPage","@id":"https:\/\/www.codewayexpo.com\/etiopia-dal-primo-settembre-la-climate-week-di-addis-abeba\/","url":"https:\/\/www.codewayexpo.com\/etiopia-dal-primo-settembre-la-climate-week-di-addis-abeba\/","name":"Etiopia: dal primo settembre la Climate Week di Addis Abeba - CodewayExpo","isPartOf":{"@id":"https:\/\/www.codewayexpo.com\/#website"},"datePublished":"2025-08-28T07:06:19+00:00","author":{"@id":""},"breadcrumb":{"@id":"https:\/\/www.codewayexpo.com\/etiopia-dal-primo-settembre-la-climate-week-di-addis-abeba\/#breadcrumb"},"inLanguage":"en-US","potentialAction":[{"@type":"ReadAction","target":["https:\/\/www.codewayexpo.com\/etiopia-dal-primo-settembre-la-climate-week-di-addis-abeba\/"]}]},{"@type":"BreadcrumbList","@id":"https:\/\/www.codewayexpo.com\/etiopia-dal-primo-settembre-la-climate-week-di-addis-abeba\/#breadcrumb","itemListElement":[{"@type":"ListItem","position":1,"name":"Home","item":"https:\/\/www.codewayexpo.com\/"},{"@type":"ListItem","position":2,"name":"Etiopia: dal primo settembre la Climate Week di Addis Abeba"}]},{"@type":"WebSite","@id":"https:\/\/www.codewayexpo.com\/#website","url":"https:\/\/www.codewayexpo.com\/","name":"CodewayExpo","description":"Cooperation Development Expo","potentialAction":[{"@type":"SearchAction","target":{"@type":"EntryPoint","urlTemplate":"https:\/\/www.codewayexpo.com\/?s={search_term_string}"},"query-input":{"@type":"PropertyValueSpecification","valueRequired":true,"valueName":"search_term_string"}}],"inLanguage":"en-US"}]}},"_links":{"self":[{"href":"https:\/\/www.codewayexpo.com\/en\/wp-json\/wp\/v2\/posts\/157680","targetHints":{"allow":["GET"]}}],"collection":[{"href":"https:\/\/www.codewayexpo.com\/en\/wp-json\/wp\/v2\/posts"}],"about":[{"href":"https:\/\/www.codewayexpo.com\/en\/wp-json\/wp\/v2\/types\/post"}],"replies":[{"embeddable":true,"href":"https:\/\/www.codewayexpo.com\/en\/wp-json\/wp\/v2\/comments?post=157680"}],"version-history":[{"count":0,"href":"https:\/\/www.codewayexpo.com\/en\/wp-json\/wp\/v2\/posts\/157680\/revisions"}],"wp:attachment":[{"href":"https:\/\/www.codewayexpo.com\/en\/wp-json\/wp\/v2\/media?parent=157680"}],"wp:term":[{"taxonomy":"category","embeddable":true,"href":"https:\/\/www.codewayexpo.com\/en\/wp-json\/wp\/v2\/categories?post=157680"},{"taxonomy":"post_tag","embeddable":true,"href":"https:\/\/www.codewayexpo.com\/en\/wp-json\/wp\/v2\/tags?post=157680"}],"curies":[{"name":"wp","href":"https:\/\/api.w.org\/{rel}","templated":true}]}}