{"id":157652,"date":"2025-07-28T05:53:55","date_gmt":"2025-07-28T05:53:55","guid":{"rendered":"https:\/\/www.codewayexpo.com\/etiopia-meloni-ad-addis-in-agenda-ce-anche-tanto-piano-mattei\/"},"modified":"2025-07-28T05:53:55","modified_gmt":"2025-07-28T05:53:55","slug":"etiopia-meloni-ad-addis-in-agenda-ce-anche-tanto-piano-mattei","status":"publish","type":"post","link":"https:\/\/www.codewayexpo.com\/en\/etiopia-meloni-ad-addis-in-agenda-ce-anche-tanto-piano-mattei\/","title":{"rendered":"Etiopia: Meloni ad Addis, in agenda c&#8217;\u00e8 anche tanto Piano Mattei"},"content":{"rendered":"<p>Addis Abeba, 28 lug. &#8211; <span style=\"font-weight: 400\">La Presidente del Consiglio, Giorgia Meloni, \u00e8 giunta ad Addis Abeba per una visita di due giorni, dal 27 al 28 luglio 2025, che riafferma la centralit\u00e0 dell&#8217;Etiopia come partner strategico per l&#8217;Italia nel Corno d&#8217;Africa. Accolta dal Primo Ministro etiope Abiy Ahmed , la missione si muove su un doppio binario: da un lato, la partecipazione di alto profilo al terzo Vertice Onu sui Sistemi alimentari ; dall&#8217;altro, l&#8217;approfondimento di una cooperazione bilaterale che trova nel Piano Mattei la sua massima espressione. Questa seconda visita della premier in Etiopia, dopo quella dell&#8217;aprile 2023, \u00e8 infatti l&#8217;occasione per consolidare i legami e verificare lo stato di avanzamento di progetti chiave.<\/span><\/p>\n<p><span style=\"font-weight: 400\">Ufficialmente, il fulcro della visita \u00e8 la co-presidenza, insieme ad Abiy e alla Vicesegretaria generale dell&#8217;Onu Amina Mohammed, del Vertice sui Sistemi alimentari. Un appuntamento che vedr\u00e0 la partecipazione di Capi di Stato, organismi internazionali e settore privato per accelerare gli investimenti verso sistemi alimentari resilienti e sostenibili. La presenza di una delegazione italiana che include anche il Ministro dell\u2019Agricoltura, Francesco Lollobrigida, e il Viceministro degli Esteri, Edmondo Cirielli, sottolinea l&#8217;impegno del governo su questo dossier globale.<\/span><\/p>\n<p><span style=\"font-weight: 400\">Tuttavia, \u00e8 l&#8217;implementazione del Piano Mattei a rappresentare il cuore pulsante della missione. L&#8217;Etiopia \u00e8 uno dei partner principali di questa iniziativa, con interventi che gi\u00e0 mostrano risultati concreti. Un esempio tangibile si trova nella regione dell\u2019Oromia, dove Meloni e Abiy faranno tappa a Jimma. Qui, il piano ha finanziato la riqualificazione di edifici storici e infrastrutture e il risanamento ambientale del Lago Boye. Questo progetto non \u00e8 solo ambientale, ma mira a creare un polo turistico legato alla storica tradizione del caff\u00e8 e ha gi\u00e0 generato un indotto occupazionale per 3.500 giovani in un&#8217;area segnata da un&#8217;alta disoccupazione giovanile.<\/span><\/p>\n<p><span style=\"font-weight: 400\">L&#8217;impegno italiano si estende anche al settore agricolo, con un&#8217;iniziativa specifica per rafforzare la resilienza climatica della filiera del caff\u00e8, di vitale importanza per l&#8217;economia etiope in termini di Pil, export e occupazione. Parallelamente, nel settore sanitario, il Piano Mattei sta supportando il ripristino e il potenziamento dei servizi nella regione del Tigray, teatro del recente conflitto, con un focus sulla salute materno-infantile e sulla formazione medica. Anche il campo della formazione \u00e8 strategico, con il sostegno all&#8217;Universit\u00e0 di Addis Abeba per la sua riforma e il potenziamento di incubatori per start-up nella capitale. A suggello di questa visione a lungo termine, durante la visita sar\u00e0 adottato un nuovo programma triennale di cooperazione allo sviluppo per il periodo 2026-2028.<br \/>\n<\/span><\/p>\n<p><span style=\"font-weight: 400\">L&#8217;agenda della Presidente del Consiglio riflette questa densit\u00e0 di impegni. Il primo incontro \u00e8 stato con una rappresentanza di operatori religiosi italiani, la cui capillare attivit\u00e0 umanitaria costituisce da anni un punto di riferimento della presenza italiana nel Paese. Sono seguiti il bilaterale con il Primo Ministro Abiy e un incontro con il Presidente della Commissione dell\u2019Unione Africana, Mohamoud Ali Youssouf. La prima giornata si \u00e8 poi conclusa con una cena offerta da Abiy Ahmed ai capi delegazione presenti per il vertice.\u00a0<\/span><\/p>\n<p>&nbsp; [<a href=\"https:\/\/cooperazione.infomundi.it\/\" target=\"_blank\">Agenzia Infomundi \u2013 Infocoopera<\/a>]<\/p>\n<p>\u00a9 Riproduzione riservata<\/p>\n","protected":false},"excerpt":{"rendered":"<p>Addis Abeba, 28 lug. &#8211; La Presidente del Consiglio, Giorgia Meloni, \u00e8 giunta ad Addis Abeba per una visita di [&hellip;]<\/p>\n","protected":false},"author":0,"featured_media":0,"comment_status":"","ping_status":"","sticky":false,"template":"","format":"standard","meta":{"footnotes":""},"categories":[7],"tags":[141,144,159,140],"class_list":["post-157652","post","type-post","status-publish","format-standard","hentry","category-senza-categoria-en","tag-sviluppo-e-cooperazione","tag-politica","tag-speciale","tag-cronaca"],"yoast_head":"<!-- This site is optimized with the Yoast SEO plugin v27.5 - https:\/\/yoast.com\/product\/yoast-seo-wordpress\/ -->\n<title>Etiopia: Meloni ad Addis, in agenda c&#039;\u00e8 anche tanto Piano Mattei - CodewayExpo<\/title>\n<meta name=\"robots\" content=\"index, follow, max-snippet:-1, max-image-preview:large, max-video-preview:-1\" \/>\n<link rel=\"canonical\" href=\"https:\/\/www.codewayexpo.com\/en\/etiopia-meloni-ad-addis-in-agenda-ce-anche-tanto-piano-mattei\/\" \/>\n<meta property=\"og:locale\" content=\"en_US\" \/>\n<meta property=\"og:type\" content=\"article\" \/>\n<meta property=\"og:title\" content=\"Etiopia: Meloni ad Addis, in agenda c&#039;\u00e8 anche tanto Piano Mattei - CodewayExpo\" \/>\n<meta property=\"og:description\" content=\"Addis Abeba, 28 lug. &#8211; La Presidente del Consiglio, Giorgia Meloni, \u00e8 giunta ad Addis Abeba per una visita di [&hellip;]\" \/>\n<meta property=\"og:url\" content=\"https:\/\/www.codewayexpo.com\/en\/etiopia-meloni-ad-addis-in-agenda-ce-anche-tanto-piano-mattei\/\" \/>\n<meta property=\"og:site_name\" content=\"CodewayExpo\" \/>\n<meta property=\"article:published_time\" content=\"2025-07-28T05:53:55+00:00\" \/>\n<meta name=\"twitter:card\" content=\"summary_large_image\" \/>\n<meta name=\"twitter:label1\" content=\"Est. reading time\" \/>\n\t<meta name=\"twitter:data1\" content=\"2 minutes\" \/>\n<script type=\"application\/ld+json\" class=\"yoast-schema-graph\">{\"@context\":\"https:\\\/\\\/schema.org\",\"@graph\":[{\"@type\":\"Article\",\"@id\":\"https:\\\/\\\/www.codewayexpo.com\\\/etiopia-meloni-ad-addis-in-agenda-ce-anche-tanto-piano-mattei\\\/#article\",\"isPartOf\":{\"@id\":\"https:\\\/\\\/www.codewayexpo.com\\\/etiopia-meloni-ad-addis-in-agenda-ce-anche-tanto-piano-mattei\\\/\"},\"author\":{\"name\":\"\",\"@id\":\"\"},\"headline\":\"Etiopia: Meloni ad Addis, in agenda c&#8217;\u00e8 anche tanto Piano Mattei\",\"datePublished\":\"2025-07-28T05:53:55+00:00\",\"mainEntityOfPage\":{\"@id\":\"https:\\\/\\\/www.codewayexpo.com\\\/etiopia-meloni-ad-addis-in-agenda-ce-anche-tanto-piano-mattei\\\/\"},\"wordCount\":513,\"keywords\":[\"Sviluppo e cooperazione\",\"Politica\",\"Speciale\",\"Cronaca\"],\"articleSection\":[\"Senza categoria\"],\"inLanguage\":\"en-US\"},{\"@type\":\"WebPage\",\"@id\":\"https:\\\/\\\/www.codewayexpo.com\\\/etiopia-meloni-ad-addis-in-agenda-ce-anche-tanto-piano-mattei\\\/\",\"url\":\"https:\\\/\\\/www.codewayexpo.com\\\/etiopia-meloni-ad-addis-in-agenda-ce-anche-tanto-piano-mattei\\\/\",\"name\":\"Etiopia: Meloni ad Addis, in agenda c'\u00e8 anche tanto Piano Mattei - CodewayExpo\",\"isPartOf\":{\"@id\":\"https:\\\/\\\/www.codewayexpo.com\\\/#website\"},\"datePublished\":\"2025-07-28T05:53:55+00:00\",\"author\":{\"@id\":\"\"},\"breadcrumb\":{\"@id\":\"https:\\\/\\\/www.codewayexpo.com\\\/etiopia-meloni-ad-addis-in-agenda-ce-anche-tanto-piano-mattei\\\/#breadcrumb\"},\"inLanguage\":\"en-US\",\"potentialAction\":[{\"@type\":\"ReadAction\",\"target\":[\"https:\\\/\\\/www.codewayexpo.com\\\/etiopia-meloni-ad-addis-in-agenda-ce-anche-tanto-piano-mattei\\\/\"]}]},{\"@type\":\"BreadcrumbList\",\"@id\":\"https:\\\/\\\/www.codewayexpo.com\\\/etiopia-meloni-ad-addis-in-agenda-ce-anche-tanto-piano-mattei\\\/#breadcrumb\",\"itemListElement\":[{\"@type\":\"ListItem\",\"position\":1,\"name\":\"Home\",\"item\":\"https:\\\/\\\/www.codewayexpo.com\\\/\"},{\"@type\":\"ListItem\",\"position\":2,\"name\":\"Etiopia: Meloni ad Addis, in agenda c&#8217;\u00e8 anche tanto Piano Mattei\"}]},{\"@type\":\"WebSite\",\"@id\":\"https:\\\/\\\/www.codewayexpo.com\\\/#website\",\"url\":\"https:\\\/\\\/www.codewayexpo.com\\\/\",\"name\":\"CodewayExpo\",\"description\":\"Cooperation Development Expo\",\"potentialAction\":[{\"@type\":\"SearchAction\",\"target\":{\"@type\":\"EntryPoint\",\"urlTemplate\":\"https:\\\/\\\/www.codewayexpo.com\\\/?s={search_term_string}\"},\"query-input\":{\"@type\":\"PropertyValueSpecification\",\"valueRequired\":true,\"valueName\":\"search_term_string\"}}],\"inLanguage\":\"en-US\"}]}<\/script>\n<!-- \/ Yoast SEO plugin. -->","yoast_head_json":{"title":"Etiopia: Meloni ad Addis, in agenda c'\u00e8 anche tanto Piano Mattei - CodewayExpo","robots":{"index":"index","follow":"follow","max-snippet":"max-snippet:-1","max-image-preview":"max-image-preview:large","max-video-preview":"max-video-preview:-1"},"canonical":"https:\/\/www.codewayexpo.com\/en\/etiopia-meloni-ad-addis-in-agenda-ce-anche-tanto-piano-mattei\/","og_locale":"en_US","og_type":"article","og_title":"Etiopia: Meloni ad Addis, in agenda c'\u00e8 anche tanto Piano Mattei - CodewayExpo","og_description":"Addis Abeba, 28 lug. &#8211; La Presidente del Consiglio, Giorgia Meloni, \u00e8 giunta ad Addis Abeba per una visita di [&hellip;]","og_url":"https:\/\/www.codewayexpo.com\/en\/etiopia-meloni-ad-addis-in-agenda-ce-anche-tanto-piano-mattei\/","og_site_name":"CodewayExpo","article_published_time":"2025-07-28T05:53:55+00:00","twitter_card":"summary_large_image","twitter_misc":{"Est. reading time":"2 minutes"},"schema":{"@context":"https:\/\/schema.org","@graph":[{"@type":"Article","@id":"https:\/\/www.codewayexpo.com\/etiopia-meloni-ad-addis-in-agenda-ce-anche-tanto-piano-mattei\/#article","isPartOf":{"@id":"https:\/\/www.codewayexpo.com\/etiopia-meloni-ad-addis-in-agenda-ce-anche-tanto-piano-mattei\/"},"author":{"name":"","@id":""},"headline":"Etiopia: Meloni ad Addis, in agenda c&#8217;\u00e8 anche tanto Piano Mattei","datePublished":"2025-07-28T05:53:55+00:00","mainEntityOfPage":{"@id":"https:\/\/www.codewayexpo.com\/etiopia-meloni-ad-addis-in-agenda-ce-anche-tanto-piano-mattei\/"},"wordCount":513,"keywords":["Sviluppo e cooperazione","Politica","Speciale","Cronaca"],"articleSection":["Senza categoria"],"inLanguage":"en-US"},{"@type":"WebPage","@id":"https:\/\/www.codewayexpo.com\/etiopia-meloni-ad-addis-in-agenda-ce-anche-tanto-piano-mattei\/","url":"https:\/\/www.codewayexpo.com\/etiopia-meloni-ad-addis-in-agenda-ce-anche-tanto-piano-mattei\/","name":"Etiopia: Meloni ad Addis, in agenda c'\u00e8 anche tanto Piano Mattei - CodewayExpo","isPartOf":{"@id":"https:\/\/www.codewayexpo.com\/#website"},"datePublished":"2025-07-28T05:53:55+00:00","author":{"@id":""},"breadcrumb":{"@id":"https:\/\/www.codewayexpo.com\/etiopia-meloni-ad-addis-in-agenda-ce-anche-tanto-piano-mattei\/#breadcrumb"},"inLanguage":"en-US","potentialAction":[{"@type":"ReadAction","target":["https:\/\/www.codewayexpo.com\/etiopia-meloni-ad-addis-in-agenda-ce-anche-tanto-piano-mattei\/"]}]},{"@type":"BreadcrumbList","@id":"https:\/\/www.codewayexpo.com\/etiopia-meloni-ad-addis-in-agenda-ce-anche-tanto-piano-mattei\/#breadcrumb","itemListElement":[{"@type":"ListItem","position":1,"name":"Home","item":"https:\/\/www.codewayexpo.com\/"},{"@type":"ListItem","position":2,"name":"Etiopia: Meloni ad Addis, in agenda c&#8217;\u00e8 anche tanto Piano Mattei"}]},{"@type":"WebSite","@id":"https:\/\/www.codewayexpo.com\/#website","url":"https:\/\/www.codewayexpo.com\/","name":"CodewayExpo","description":"Cooperation Development Expo","potentialAction":[{"@type":"SearchAction","target":{"@type":"EntryPoint","urlTemplate":"https:\/\/www.codewayexpo.com\/?s={search_term_string}"},"query-input":{"@type":"PropertyValueSpecification","valueRequired":true,"valueName":"search_term_string"}}],"inLanguage":"en-US"}]}},"_links":{"self":[{"href":"https:\/\/www.codewayexpo.com\/en\/wp-json\/wp\/v2\/posts\/157652","targetHints":{"allow":["GET"]}}],"collection":[{"href":"https:\/\/www.codewayexpo.com\/en\/wp-json\/wp\/v2\/posts"}],"about":[{"href":"https:\/\/www.codewayexpo.com\/en\/wp-json\/wp\/v2\/types\/post"}],"replies":[{"embeddable":true,"href":"https:\/\/www.codewayexpo.com\/en\/wp-json\/wp\/v2\/comments?post=157652"}],"version-history":[{"count":0,"href":"https:\/\/www.codewayexpo.com\/en\/wp-json\/wp\/v2\/posts\/157652\/revisions"}],"wp:attachment":[{"href":"https:\/\/www.codewayexpo.com\/en\/wp-json\/wp\/v2\/media?parent=157652"}],"wp:term":[{"taxonomy":"category","embeddable":true,"href":"https:\/\/www.codewayexpo.com\/en\/wp-json\/wp\/v2\/categories?post=157652"},{"taxonomy":"post_tag","embeddable":true,"href":"https:\/\/www.codewayexpo.com\/en\/wp-json\/wp\/v2\/tags?post=157652"}],"curies":[{"name":"wp","href":"https:\/\/api.w.org\/{rel}","templated":true}]}}