{"id":157291,"date":"2025-06-26T08:20:24","date_gmt":"2025-06-26T08:20:24","guid":{"rendered":"https:\/\/www.codewayexpo.com\/africa-la-voce-africana-al-summit-della-gavi\/"},"modified":"2025-06-26T08:20:24","modified_gmt":"2025-06-26T08:20:24","slug":"africa-la-voce-africana-al-summit-della-gavi","status":"publish","type":"post","link":"https:\/\/www.codewayexpo.com\/en\/africa-la-voce-africana-al-summit-della-gavi\/","title":{"rendered":"Africa: la voce africana al Summit della Gavi"},"content":{"rendered":"<p>Luanda, 26 giu. &#8211; &#8220;L&#8217;Africa \u00e8 pronta a essere co-autrice della nuova era dell&#8217;immunizzazione globale. Vogliamo pi\u00f9 equit\u00e0, pi\u00f9 voce, pi\u00f9 autonomia. La pandemia di Covid-19 ha messo in luce la dolorosa dipendenza del continente dalle catene di produzione di vaccini esterne&#8221;, ha affermato ieri il presidente di turno dell\u2019Unione africana, Joao Louren\u00e7o, in occasione del Summit dell&#8217;Alleanza Globale per i Vaccini (Gavi), a Bruxelles.<\/p>\n<p>Intervenendo alla riunione ad alto livello, il presidente angolano ha sottolineato, come messaggio riservato per il momento, che l&#8217;Africa non \u00e8 solo beneficiaria. Non possiamo permettere che questa situazione continui, ha aggiunto Jo\u00e3o Louren\u00e7o, sottolineando che &#8220;sosteniamo l&#8217;iniziativa di Gavi per rafforzare la produzione regionale di vaccini in Africa, nell&#8217;ambito dell&#8217;iniziativa African Vaccine Manufacturing Accelerator (Adma)&#8221;.<\/p>\n<p>&#8220;Guardando al futuro della vaccinazione globale, crediamo che Gavi possa anche svolgere un ruolo strategico nel sostenere l&#8217;introduzione di nuovi vaccini&#8221;, ha affermato, evidenziando &#8220;soprattutto&#8221; quelli contro malattie che continuano a colpire in modo sproporzionato i Paesi africani e le popolazioni pi\u00f9 vulnerabili a livello globale, come tubercolosi, malaria e dengue.<\/p>\n<p>&#8220;L&#8217;innovazione deve andare di pari passo con l&#8217;equit\u00e0. L&#8217;Africa \u00e8 pronta a essere un partner attivo nella ricerca e nell&#8217;implementazione di queste soluzioni di nuova generazione&#8221;, ha concluso. [<a href=\"https:\/\/cooperazione.infomundi.it\/\" target=\"_blank\">Agenzia Infomundi \u2013 Infocoopera<\/a>]<\/p>\n<p>\u00a9 Riproduzione riservata<\/p>\n","protected":false},"excerpt":{"rendered":"<p>Luanda, 26 giu. &#8211; &#8220;L&#8217;Africa \u00e8 pronta a essere co-autrice della nuova era dell&#8217;immunizzazione globale. Vogliamo pi\u00f9 equit\u00e0, pi\u00f9 voce, [&hellip;]<\/p>\n","protected":false},"author":0,"featured_media":0,"comment_status":"","ping_status":"","sticky":false,"template":"","format":"standard","meta":{"footnotes":""},"categories":[7],"tags":[141,153,154],"class_list":["post-157291","post","type-post","status-publish","format-standard","hentry","category-senza-categoria-en","tag-sviluppo-e-cooperazione","tag-sanita","tag-sicurezza"],"yoast_head":"<!-- This site is optimized with the Yoast SEO plugin v27.5 - https:\/\/yoast.com\/product\/yoast-seo-wordpress\/ -->\n<title>Africa: la voce africana al Summit della Gavi - CodewayExpo<\/title>\n<meta name=\"robots\" content=\"index, follow, max-snippet:-1, max-image-preview:large, max-video-preview:-1\" \/>\n<link rel=\"canonical\" href=\"https:\/\/www.codewayexpo.com\/en\/africa-la-voce-africana-al-summit-della-gavi\/\" \/>\n<meta property=\"og:locale\" content=\"en_US\" \/>\n<meta property=\"og:type\" content=\"article\" \/>\n<meta property=\"og:title\" content=\"Africa: la voce africana al Summit della Gavi - CodewayExpo\" \/>\n<meta property=\"og:description\" content=\"Luanda, 26 giu. &#8211; &#8220;L&#8217;Africa \u00e8 pronta a essere co-autrice della nuova era dell&#8217;immunizzazione globale. Vogliamo pi\u00f9 equit\u00e0, pi\u00f9 voce, [&hellip;]\" \/>\n<meta property=\"og:url\" content=\"https:\/\/www.codewayexpo.com\/en\/africa-la-voce-africana-al-summit-della-gavi\/\" \/>\n<meta property=\"og:site_name\" content=\"CodewayExpo\" \/>\n<meta property=\"article:published_time\" content=\"2025-06-26T08:20:24+00:00\" \/>\n<meta name=\"twitter:card\" content=\"summary_large_image\" \/>\n<meta name=\"twitter:label1\" content=\"Est. reading time\" \/>\n\t<meta name=\"twitter:data1\" content=\"1 minute\" \/>\n<script type=\"application\/ld+json\" class=\"yoast-schema-graph\">{\"@context\":\"https:\\\/\\\/schema.org\",\"@graph\":[{\"@type\":\"Article\",\"@id\":\"https:\\\/\\\/www.codewayexpo.com\\\/africa-la-voce-africana-al-summit-della-gavi\\\/#article\",\"isPartOf\":{\"@id\":\"https:\\\/\\\/www.codewayexpo.com\\\/africa-la-voce-africana-al-summit-della-gavi\\\/\"},\"author\":{\"name\":\"\",\"@id\":\"\"},\"headline\":\"Africa: la voce africana al Summit della Gavi\",\"datePublished\":\"2025-06-26T08:20:24+00:00\",\"mainEntityOfPage\":{\"@id\":\"https:\\\/\\\/www.codewayexpo.com\\\/africa-la-voce-africana-al-summit-della-gavi\\\/\"},\"wordCount\":224,\"keywords\":[\"Sviluppo e cooperazione\",\"Sanit\u00e0\",\"Sicurezza\"],\"articleSection\":[\"Senza categoria\"],\"inLanguage\":\"en-US\"},{\"@type\":\"WebPage\",\"@id\":\"https:\\\/\\\/www.codewayexpo.com\\\/africa-la-voce-africana-al-summit-della-gavi\\\/\",\"url\":\"https:\\\/\\\/www.codewayexpo.com\\\/africa-la-voce-africana-al-summit-della-gavi\\\/\",\"name\":\"Africa: la voce africana al Summit della Gavi - CodewayExpo\",\"isPartOf\":{\"@id\":\"https:\\\/\\\/www.codewayexpo.com\\\/#website\"},\"datePublished\":\"2025-06-26T08:20:24+00:00\",\"author\":{\"@id\":\"\"},\"breadcrumb\":{\"@id\":\"https:\\\/\\\/www.codewayexpo.com\\\/africa-la-voce-africana-al-summit-della-gavi\\\/#breadcrumb\"},\"inLanguage\":\"en-US\",\"potentialAction\":[{\"@type\":\"ReadAction\",\"target\":[\"https:\\\/\\\/www.codewayexpo.com\\\/africa-la-voce-africana-al-summit-della-gavi\\\/\"]}]},{\"@type\":\"BreadcrumbList\",\"@id\":\"https:\\\/\\\/www.codewayexpo.com\\\/africa-la-voce-africana-al-summit-della-gavi\\\/#breadcrumb\",\"itemListElement\":[{\"@type\":\"ListItem\",\"position\":1,\"name\":\"Home\",\"item\":\"https:\\\/\\\/www.codewayexpo.com\\\/\"},{\"@type\":\"ListItem\",\"position\":2,\"name\":\"Africa: la voce africana al Summit della Gavi\"}]},{\"@type\":\"WebSite\",\"@id\":\"https:\\\/\\\/www.codewayexpo.com\\\/#website\",\"url\":\"https:\\\/\\\/www.codewayexpo.com\\\/\",\"name\":\"CodewayExpo\",\"description\":\"Cooperation Development Expo\",\"potentialAction\":[{\"@type\":\"SearchAction\",\"target\":{\"@type\":\"EntryPoint\",\"urlTemplate\":\"https:\\\/\\\/www.codewayexpo.com\\\/?s={search_term_string}\"},\"query-input\":{\"@type\":\"PropertyValueSpecification\",\"valueRequired\":true,\"valueName\":\"search_term_string\"}}],\"inLanguage\":\"en-US\"}]}<\/script>\n<!-- \/ Yoast SEO plugin. -->","yoast_head_json":{"title":"Africa: la voce africana al Summit della Gavi - CodewayExpo","robots":{"index":"index","follow":"follow","max-snippet":"max-snippet:-1","max-image-preview":"max-image-preview:large","max-video-preview":"max-video-preview:-1"},"canonical":"https:\/\/www.codewayexpo.com\/en\/africa-la-voce-africana-al-summit-della-gavi\/","og_locale":"en_US","og_type":"article","og_title":"Africa: la voce africana al Summit della Gavi - CodewayExpo","og_description":"Luanda, 26 giu. &#8211; &#8220;L&#8217;Africa \u00e8 pronta a essere co-autrice della nuova era dell&#8217;immunizzazione globale. Vogliamo pi\u00f9 equit\u00e0, pi\u00f9 voce, [&hellip;]","og_url":"https:\/\/www.codewayexpo.com\/en\/africa-la-voce-africana-al-summit-della-gavi\/","og_site_name":"CodewayExpo","article_published_time":"2025-06-26T08:20:24+00:00","twitter_card":"summary_large_image","twitter_misc":{"Est. reading time":"1 minute"},"schema":{"@context":"https:\/\/schema.org","@graph":[{"@type":"Article","@id":"https:\/\/www.codewayexpo.com\/africa-la-voce-africana-al-summit-della-gavi\/#article","isPartOf":{"@id":"https:\/\/www.codewayexpo.com\/africa-la-voce-africana-al-summit-della-gavi\/"},"author":{"name":"","@id":""},"headline":"Africa: la voce africana al Summit della Gavi","datePublished":"2025-06-26T08:20:24+00:00","mainEntityOfPage":{"@id":"https:\/\/www.codewayexpo.com\/africa-la-voce-africana-al-summit-della-gavi\/"},"wordCount":224,"keywords":["Sviluppo e cooperazione","Sanit\u00e0","Sicurezza"],"articleSection":["Senza categoria"],"inLanguage":"en-US"},{"@type":"WebPage","@id":"https:\/\/www.codewayexpo.com\/africa-la-voce-africana-al-summit-della-gavi\/","url":"https:\/\/www.codewayexpo.com\/africa-la-voce-africana-al-summit-della-gavi\/","name":"Africa: la voce africana al Summit della Gavi - CodewayExpo","isPartOf":{"@id":"https:\/\/www.codewayexpo.com\/#website"},"datePublished":"2025-06-26T08:20:24+00:00","author":{"@id":""},"breadcrumb":{"@id":"https:\/\/www.codewayexpo.com\/africa-la-voce-africana-al-summit-della-gavi\/#breadcrumb"},"inLanguage":"en-US","potentialAction":[{"@type":"ReadAction","target":["https:\/\/www.codewayexpo.com\/africa-la-voce-africana-al-summit-della-gavi\/"]}]},{"@type":"BreadcrumbList","@id":"https:\/\/www.codewayexpo.com\/africa-la-voce-africana-al-summit-della-gavi\/#breadcrumb","itemListElement":[{"@type":"ListItem","position":1,"name":"Home","item":"https:\/\/www.codewayexpo.com\/"},{"@type":"ListItem","position":2,"name":"Africa: la voce africana al Summit della Gavi"}]},{"@type":"WebSite","@id":"https:\/\/www.codewayexpo.com\/#website","url":"https:\/\/www.codewayexpo.com\/","name":"CodewayExpo","description":"Cooperation Development Expo","potentialAction":[{"@type":"SearchAction","target":{"@type":"EntryPoint","urlTemplate":"https:\/\/www.codewayexpo.com\/?s={search_term_string}"},"query-input":{"@type":"PropertyValueSpecification","valueRequired":true,"valueName":"search_term_string"}}],"inLanguage":"en-US"}]}},"_links":{"self":[{"href":"https:\/\/www.codewayexpo.com\/en\/wp-json\/wp\/v2\/posts\/157291","targetHints":{"allow":["GET"]}}],"collection":[{"href":"https:\/\/www.codewayexpo.com\/en\/wp-json\/wp\/v2\/posts"}],"about":[{"href":"https:\/\/www.codewayexpo.com\/en\/wp-json\/wp\/v2\/types\/post"}],"replies":[{"embeddable":true,"href":"https:\/\/www.codewayexpo.com\/en\/wp-json\/wp\/v2\/comments?post=157291"}],"version-history":[{"count":0,"href":"https:\/\/www.codewayexpo.com\/en\/wp-json\/wp\/v2\/posts\/157291\/revisions"}],"wp:attachment":[{"href":"https:\/\/www.codewayexpo.com\/en\/wp-json\/wp\/v2\/media?parent=157291"}],"wp:term":[{"taxonomy":"category","embeddable":true,"href":"https:\/\/www.codewayexpo.com\/en\/wp-json\/wp\/v2\/categories?post=157291"},{"taxonomy":"post_tag","embeddable":true,"href":"https:\/\/www.codewayexpo.com\/en\/wp-json\/wp\/v2\/tags?post=157291"}],"curies":[{"name":"wp","href":"https:\/\/api.w.org\/{rel}","templated":true}]}}