{"id":156527,"date":"2025-05-09T08:00:27","date_gmt":"2025-05-09T08:00:27","guid":{"rendered":"https:\/\/www.codewayexpo.com\/?p=156527"},"modified":"2025-06-12T10:15:59","modified_gmt":"2025-06-12T10:15:59","slug":"codeway-expo-2025-a-fiera-roma-dal-14-al-16-maggio-cooperazione-internazionale-business-e-sviluppo-sostenibile-il-grande-dialogo-globale-sul-futuro","status":"publish","type":"post","link":"https:\/\/www.codewayexpo.com\/en\/codeway-expo-2025-a-fiera-roma-dal-14-al-16-maggio-cooperazione-internazionale-business-e-sviluppo-sostenibile-il-grande-dialogo-globale-sul-futuro\/","title":{"rendered":"Codeway Expo 2025 \u2013 A Fiera Roma dal 14 al 16 Maggio Cooperazione internazionale, business e sviluppo sostenibile: Il grande dialogo globale sul futuro"},"content":{"rendered":"<div class=\"wpb-content-wrapper\"><div data-parent=\"true\" class=\"vc_row row-container mobile-hidden\" id=\"row-unique-0\"><div class=\"row double-top-padding single-bottom-padding single-h-padding limit-width row-parent\"><div class=\"wpb_row row-inner\"><div class=\"wpb_column pos-top pos-center align_left column_parent col-lg-12 single-internal-gutter\"><div class=\"uncol style-light\"  ><div class=\"uncoltable\"><div class=\"uncell\" ><div class=\"uncont no-block-padding col-custom-width\" style=\" max-width:804px;\" ><div class=\"uncode_text_column text-lead\" ><\/p>\n<p style=\"text-align: justify;\">Dal 14 al 16 maggio 2025 torna a Fiera Roma <strong>Codeway \u2013 Cooperation Development Expo<\/strong>, la fiera internazionale dedicata alla cooperazione allo sviluppo sostenibile: il luogo dove business e solidariet\u00e0 globale si incontrano. Organizzato da Fiera Roma e Internationalia, pensato per favorire l&#8217;incontro tra settore privato, istituzioni e attori della cooperazione internazionale, Codeway \u00e8 oggi il principale evento italiano per imprese, enti pubblici e organizzazioni impegnate nei grandi temi del futuro del pianeta (la partecipazione \u00e8 gratuita previa registrazione sul sito (<a href=\"https:\/\/www.codewayexpo.com\/en\/\">www.codewayexpo.com<\/a>).<br \/>\nSotto l\u2019<strong>Alto Patrocinio del Parlamento Europeo e il Patrocinio del Ministero degli Affari Esteri e della Cooperazione Internazionale<\/strong>, la manifestazione riunir\u00e0 agenzie delle Nazioni Unite, Commissione Europea, ministeri, banche di sviluppo, ONG, universit\u00e0, aziende e startup, offrendo tre giorni di confronto e networking di altissimo livello.<br \/>\n<strong>Sanit\u00e0, energia, infrastrutture, digitale, formazione, agrifood, innovazione, finanza e moda<\/strong> saranno i focus tematici della fiera, con uno sguardo alle sfide globali \u2013 dal cambiamento climatico alla sicurezza alimentare \u2013 e alla nuova strategia italiana delineata dal Piano Mattei per l\u2019Africa.<br \/>\nCon oltre 50 eventi in tre giorni, un ricco calendario di incontri B2B, desk informativi con enti finanziatori e agenzie di cooperazione internazionale, e spazi espositivi in cui scoprire soluzioni, progetti e tecnologie dedicate allo sviluppo sostenibile nei Paesi partner, Codeway Expo 2025 si conferma piattaforma strategica per la diplomazia economica italiana, la cooperazione internazionale e il protagonismo delle imprese nei mercati emergenti. Un\u2019occasione unica per trasformare i grandi obiettivi globali in opportunit\u00e0 concrete di sviluppo condiviso.<br \/>\nA seguire i <strong>principali appuntamenti<\/strong> che avranno luogo in plenaria nei tre giorni di manifestazione.<\/p>\n<p style=\"text-align: justify;\"><strong>14 MAGGIO \u2013 IL SETTORE PRIVATO NELLA COOPERAZIONE, FOCUS SU SANIT\u00c0, DIGITALE, SOSTENIBILIT\u00c0, ISTRUZIONE<\/strong><\/p>\n<p style=\"text-align: justify;\">La giornata si apre alle ore 09:30 con la <strong>cerimonia inaugurale<\/strong>, dal titolo <em><strong>\u201cIl settore privato e la cooperazione\u201d<\/strong><\/em>, che vedr\u00e0 la partecipazione di autorevoli rappresentanti istituzionali e imprenditoriali impegnati nel ridefinire il ruolo delle imprese nello sviluppo globale. Interverranno, tra gli altri, <strong>Edmondo Cirielli<\/strong>, vice ministro degli Affari Esteri e della Cooperazione Internazionale, <strong>Francesco Rocca<\/strong>, presidente della Regione Lazio, <strong>Roberto Gualtieri<\/strong>, sindaco di Roma (tbc) ed <strong>Enrico Bagnasco<\/strong>, ceo di Sparkle e presidente di Confindustria Assafrica &amp; Mediterraneo. Master of Cerimony dell\u2019incontro sar\u00e0 <strong>Massimo Zaurrini<\/strong>, ceo di Internazionalia.<\/p>\n<p style=\"text-align: justify;\">Alle 10:15 la prima sessione tematica sar\u00e0 dedicata a <em><strong>\u201cGAVI e Global Fund: le opportunit\u00e0 per il settore sanitario e farmaceutico in Africa\u201d<\/strong><\/em>. Un focus strategico su modelli innovativi di cooperazione sanitaria tra attori pubblici e privati come leva di crescita, con la partecipazione del ministro della Salute di Zanzibar, Hon. Nassor Ahmed Mazrui, della chair del board di The Global Fund <strong>Roslyn Morauta<\/strong>, della ceo di Gavi <strong>Sania Nishtar<\/strong>, e di esponenti del mondo imprenditoriale come <strong>Carlo Riccini<\/strong>, vice direttore generale di Farmindustria. Modera <strong>Massimo Scaccabarozzi,<\/strong> presidente di Menarini Biotech.<br \/>\nAlle 12:00, nella cornice dell\u2019<strong>Innovation Arena<\/strong>, si prosegue con il panel <strong>\u201cPiano Mattei e le partnership pubblico-private nella salute globale: un motore per lo sviluppo socio-economico e la stabilit\u00e0 dell\u2019Africa\u201d<\/strong>, a cura di <strong>Friends of the Global Fund Europe<\/strong>. Un confronto ad ampio raggio, moderato da <strong>Vincenzo Giardina<\/strong> (Agenzia DIRE), sull\u2019impatto delle alleanze tra istituzioni, imprese e societ\u00e0 civile nella promozione della salute come bene pubblico globale e volano di stabilit\u00e0 e crescita. Interverranno, tra gli altri, il ministro della Salute di Zanzibar <strong>Hon. Nassor Ahmed Mazrui<\/strong>, la ceo di Gavi <strong>Sania Nishtar<\/strong> and <strong>Stefano Vella Deputy Director<\/strong>, vice direttore di Friends of the Global Fund Europe. Insieme a loro, rappresentanti di aziende e organizzazioni impegnate sul campo come <strong>Linda Storari<\/strong> (Chiesi), <strong>Simone Mortara<\/strong> (ENI), <strong>Davide Zanoli<\/strong> (Piaggio), <strong>Andrea Atzori<\/strong> (CUAMM), <strong>Giovanni Guidotti<\/strong> (fondazione DREAM) e <strong>Jovia Birungi Mirembe<\/strong> (GFAN).<br \/>\nLe conclusioni saranno affidate a <strong>Jennifer Lotito<\/strong>, Presidente di RED.<\/p>\n<p style=\"text-align: justify;\">Alle ore 11:00, riflettori sull\u2019<strong>iniziativa Faro sul Digitale<\/strong>, progetto chiave del Piano Mattei che apre nuove prospettive per le imprese italiane in Senegal, Ghana, Costa d\u2019Avorio e Mozambico, illustrando le strategie per una trasformazione digitale sostenibile nei settori dell\u2019innovazione, dell\u2019agricoltura e dei servizi pubblici. Tra i relatori: <strong>Edmondo Cirielli<\/strong>, vice ministro degli Esteri, <strong>Mario Nobile<\/strong> (AgID -tbc), <strong>Keyzom Ngodup<\/strong> (UNDP), <strong>Massimo Dal Checco<\/strong> (Anitec-Assinform e SIDI), <strong>Stephane Kounandi Coulibaly<\/strong> (ministero della Transizione digitale, Costa d\u2019Avorio) e <strong>Roger Thiam<\/strong> (ministero del Digitale del Senegal \u2013 tbc). Modera il consigliere ambasciatore <strong>Stefano Lo Savio<\/strong> (MAECI).<\/p>\n<p style=\"text-align: justify;\">Alle 12:00 spazio alla sostenibilit\u00e0 con la presentazione del <strong>padiglione italiano alla COP30 di Bel\u00e9m<\/strong>, <em>AquaPra\u00e7a<\/em>, progettato da <strong>Carlo Ratti<\/strong> del MIT di Boston (tra i relatori dell\u2019incontro). L\u2019incontro <strong><em>\u201cPadiglione italiano della COP30: un partenariato pubblico-privato\u201d<\/em><\/strong>, moderato dalla Direttrice di AGI <strong>Rita Lofano<\/strong>, metter\u00e0 in evidenza le eccellenze italiane nel campo della resilienza climatica, con gli interventi dell\u2019ambasciatore del Brasile in Italia <strong>Renato Mosca de Souza (tbc)<\/strong>, di <strong>Stefano Gatti<\/strong> (MAECI), <strong>Alessandro Guerri<\/strong> (MASE) e <strong>Luca Infanti<\/strong> (Cimolai Spa).<\/p>\n<p style=\"text-align: justify;\">Alle 14:00 il panel <strong>\u201cTVET Africa Index 2025. Responsabilizzare i giovani africani attraverso la formazione professionale: competenze, lavoro e opportunit\u00e0 per un continente che cambia\u201d<\/strong> analizzer\u00e0 il potenziale della formazione tecnico-professionale come leva per trasformare il boom demografico africano in sviluppo industriale. Interverranno, tra gli altri, il ministro dell\u2019Educazione del Ghana <strong>Haruna Iddrisu<\/strong>, il ministro italiano <strong>Giuseppe Valditara (tbc)<\/strong>, <strong>Lorenzo Ortona<\/strong> della struttura di missione del Piano Mattei (tbc), il direttore di AICS <strong>Marco Riccardo Rusconi<\/strong>, la Ceo del GPE <strong>Laura Frigenti<\/strong>, <strong>Riccardo Di Stefano<\/strong> (Confindustria) e il direttore sviluppo commerciale di De Lorenzo Spa <strong>Filippo Prosperi<\/strong>, con la presentazione di uno studio inedito a cura di Internazionalia e De Lorenzo, azienda leader nel settore della formazione.<\/p>\n<p style=\"text-align: justify;\">A chiudere la giornata (15:00 17:00) sar\u00e0 l\u2019evento promosso da <strong>AVSI<\/strong>, articolato in tre sessioni dedicate al <strong>contributo del Sistema Italia alla cooperazione per il clima e la sostenibilit\u00e0, in vista della COP30<\/strong>. Interverranno, tra gli altri, <strong>Stefano Gatti<\/strong> (MAECI), <strong>Carla Montesi<\/strong> (Commissione Europea), <strong>Emanuela Colombo<\/strong> (Politecnico di Milano), <strong>Barbara Terenghi<\/strong> (Edison), <strong>Emanuele Banfi<\/strong> (ENI), <strong>Veronica Rossi<\/strong> (Lavazza), <strong>Feisal Hussain<\/strong> (Clean Cooking Alliance e World Bank). Moderano <strong>Maria Laura Conte<\/strong>, <strong>Alessandro Galimberti<\/strong> and <strong>Giampaolo Silvestri<\/strong> di AVSI.<\/p>\n<p><strong>15 MAGGIO \u2013 PROCUREMENT INTERNAZIONALE: UN\u2019OCCASIONE PER LE IMPRESE<\/strong><\/p>\n<p style=\"text-align: justify;\">Focus della seconda giornata \u00e8 il <strong>procurement<\/strong>, leva strategica della cooperazione internazionale e opportunit\u00e0 in forte crescita per il tessuto imprenditoriale italiano.<\/p>\n<p style=\"text-align: justify;\">L\u2019evento di apertura presenter\u00e0 in <strong>anteprima mondiale \u201cMission 300\u201d<\/strong>, ambiziosa iniziativa di <strong>World Bank<\/strong> and <strong>African Development Bank<\/strong> per garantire l\u2019accesso all\u2019elettricit\u00e0 a 300 milioni di persone in Africa subsahariana entro il 2030. Un programma sostenuto dall\u2019Italia, promosso da <strong>ITA \u2013 Italian Trade Agency<\/strong>, che punta a creare sinergie tra istituzioni, settore privato e partner finanziari per un\u2019energia sostenibile e inclusiva. A illustrarne i contenuti saranno, fra gli altri, <strong>Kevin Kariuki<\/strong> (vice presidente Power and Energy &amp; Climate \u2013 AfDB), <strong>Don Purka ed Elisa Portale<\/strong> (World Bank) e rappresentanti del MAECI. Seguir\u00e0 la tavola rotonda con le aziende italiane protagoniste nel settore: <strong>Enel Green Power<\/strong>, <strong>ENI<\/strong>, <strong>CESI<\/strong> and <strong>RINA Consulting<\/strong>.<\/p>\n<p style=\"text-align: justify;\">Sar\u00e0 poi il momento delle <strong>opportunit\u00e0 concrete di procurement con le Nazioni Unite<\/strong>, grazie a due incontri organizzati da <strong>UNOPS<\/strong> (<em><strong>\u201cTrasformare insieme le sfide globali: le opportunit\u00e0 di procurement delle Agenzie delle Nazioni Unite per il settore privato<\/strong><\/em><strong>\u201d<\/strong>) e <strong>IFAD<\/strong> (<em><strong>\u201cFare impresa con le Nazioni Unite: opportunit\u00e0 concrete dal Polo romano dell\u2019ONU\u201d<\/strong><\/em>). Sar\u00e0 l\u2019occasione per approfondire come registrarsi alla piattaforma UNGM, partecipare alle gare internazionali, evitare errori comuni e costruire relazioni durature con i buyer ONU. Al centro del confronto anche i bisogni reali delle agenzie come <strong>WFP<\/strong>, <strong>FAO<\/strong>, <strong>UNDP<\/strong>, <strong>UNHCR<\/strong> and <strong>UNICEF<\/strong>, con focus su digitalizzazione, transizione energetica, salute e infrastrutture resilienti. Un duplice appuntamento che, anche attraverso contatti diretti, rappresenta una grande opportunit\u00e0 per aprire nuove prospettive di business. Tra i relatori: <strong>Marcus McKay<\/strong> (direttore delle catene di fornitura sostenibili UNOPS), <strong>Rainatou Baillet<\/strong> (<em>WFP<\/em>), <strong>Davide Blancato<\/strong> (<em>FAO<\/em>), <strong>Duccio Maria Tenti<\/strong> (<em>UNDP<\/em>), <strong>Ignazio Matteini<\/strong> (<em>UNHCR<\/em>), <strong>Silvia Uneddu<\/strong> (<em>UNICEF<\/em>). Di assoluto rilievo i numeri: nel 2022, il<strong> volume del procurement delle Agenzie ONU ha superato i 30 miliardi di dollari, con oltre 1,5 miliardi di lire assegnati a imprese italiane<\/strong>. \u00c8 un mercato accessibile, che richiede per\u00f2 preparazione, relazioni e capacit\u00e0 progettuale e proprio in quest\u2019ottica Codeway rappresenta un&#8217;occasione straordinaria per conoscere strumenti, criteri e modalit\u00e0 di accesso.<\/p>\n<p style=\"text-align: justify;\">Il pomeriggio sar\u00e0 dedicato al dialogo tra <strong>imprese italiane e cooperazione internazionale<\/strong> per lo sviluppo del settore agroalimentare in Africa. Il <strong>CIHEAM Bari<\/strong> presenter\u00e0 esperienze virtuose di trasferimento tecnologico, startup e progetti imprenditoriali realizzati attraverso programmi come <strong>TANIT<\/strong> \u2013 uno dei progetti chiave del <strong>Piano Mattei in Tunisia<\/strong>. Tra i relatori, assieme a <strong>Biagio Di Terlizzi, Stefano Carbonara e Damiano Petruzzella<\/strong> di CIHEAM Bari, <strong>Maurizio Martina, vice direttore generale FAO<\/strong> (tbc), <strong>Haikel Hochlef, capo di gabinetto del ministro tunisino dell\u2019Agricoltura, delle Risorse idriche e della Pesca e Haladou Salha, ambasciatore dell\u2019Unione Africana<\/strong>.<\/p>\n<p style=\"text-align: justify;\">In chiusura, l\u2019evento <strong>\u201cStabilizzazione, cooperazione e sviluppo lungo le rotte migratorie\u201d, organizzato da UNHCR<\/strong>, punter\u00e0 i riflettori sul <strong>\u201croute-based approach\u201d<\/strong>, una strategia operativa che mira a proteggere e stabilizzare le persone in fuga lungo l\u2019intero percorso migratorio. Saranno presentati esempi concreti di applicazione dell\u2019approccio in contesti prioritari per l\u2019Italia, in sinergia con le direttrici del Piano Mattei per l\u2019Africa. Al centro del dibattito il rafforzamento dei sistemi di asilo, la promozione di soluzioni durature e la creazione di percorsi sicuri e regolari \u2013 come i corridoi lavorativi \u2013 con un focus sul ruolo del settore privato.<\/p>\n<p><strong>16 MAGGIO &#8211; PROSPETTIVE FUTURE, TRA CARRIERE INTERNAZIONALI, STRUMENTI FINANZIARI E FILIERE SOSTENIBILI<\/strong><\/p>\n<p style=\"text-align: justify;\">La giornata finale sar\u00e0 all\u2019insegna della <strong>concretezza e delle prospettive future<\/strong>, con focus su strumenti finanziari, carriere internazionali e filiere sostenibili.<\/p>\n<p style=\"text-align: justify;\">Apre il terzo giorno (10:00 \u2013 11:00) il panel <strong><em>\u201cProgettare il futuro. Come prepararsi alle carriere internazionali\u201d<\/em><\/strong>, rivolto a giovani e professionisti interessati a intraprendere percorsi nelle organizzazioni internazionali, nella cooperazione e nelle ONG. L\u2019incontro offrir\u00e0 spunti pratici, testimonianze e orientamento sulle competenze richieste per operare in contesti multilaterali. Tra i relatori, moderati da Gherardo Casini (UN\/DESA), Federico Pucillo (MAECI), Andrea Bianco (MAECI), Virginia Izzo (NATO).<\/p>\n<p style=\"text-align: justify;\">A seguire (11:00 \u2013 12:00), il panel <em><strong>\u201cGli strumenti finanziari della cooperazione per il settore privato\u201d<\/strong><\/em> approfondir\u00e0, nel quadro del Piano Mattei per l\u2019Africa, le opportunit\u00e0 per le PMI italiane nei mercati africani.<\/p>\n<p style=\"text-align: justify;\">Chiude l\u2019edizione 2025 (12:00 \u2013 13:00) la conferenza <strong><em>\u201cLa resilienza del settore del caff\u00e8 davanti alle sfide globali: il ruolo del partenariato pubblico-privato\u201d<\/em><\/strong>, dedicata al Fondo Globale per la Sostenibilit\u00e0 e la Resilienza del Caff\u00e8, promosso da Italia, CDP e ICO. Focus su strumenti di blended finance, regolamentazione UE, tracciabilit\u00e0 e cooperazione internazionale.<\/p>\n<p style=\"text-align: justify;\"><strong>Sul sito <a href=\"https:\/\/www.codewayexpo.com\/en\/\">www.codewayexpo.com<\/a> il programma completo e la possibilit\u00e0 di iscriversi per partecipare gratuitamente<\/strong><\/p>\n<p>&nbsp;<\/p>\n<p><u><a href=\"https:\/\/www.codewayexpo.com\/wp-content\/uploads\/def25_05_08_cs_programma_Codeway-.docx.pdf\">Visualizza il comunicato completo<\/a><\/u><\/p>\n<\/div><div class=\"empty-space empty-half\" ><span class=\"empty-space-inner\"><\/span><\/div>\n<\/div><\/div><\/div><\/div><\/div><script id=\"script-row-unique-0\" data-row=\"script-row-unique-0\" type=\"text\/javascript\" class=\"vc_controls\">UNCODE.initRow(document.getElementById(\"row-unique-0\"));<\/script><\/div><\/div><\/div><div data-parent=\"true\" class=\"vc_row row-container desktop-hidden tablet-hidden\" id=\"row-unique-1\"><div class=\"row double-top-padding one-bottom-padding one-h-padding limit-width row-parent\"><div class=\"wpb_row row-inner\"><div class=\"wpb_column pos-top pos-center align_center column_parent col-lg-12 single-internal-gutter\"><div class=\"uncol style-light\"  ><div class=\"uncoltable\"><div class=\"uncell\" ><div class=\"uncont no-block-padding col-custom-width\" style=\" max-width:804px;\" ><div class=\"uncode_text_column text-lead\" ><\/p>\n<p style=\"text-align: justify;\"><em>Roma, 16 ottobre 2024<\/em> &#8211; Gli italiani sono i cittadini europei pi\u00f9 familiari e consapevoli sui temi della Cooperazione Internazionale, dagli investimenti solidali a quelli sostenibili. \u00c8 quanto emerge dal Rapporto Harris 2024, commissionato dall\u2019Agenzia Francese per lo Sviluppo (AFD) alla societ\u00e0 demoscopica internazionale Toluna Harris Interactive, e presentato alla Farnesina durante il lancio dell\u2019edizione 2025 di\u00a0 Codeway Expo, la manifestazione dedicata alla cooperazione internazionale e allo sviluppo sostenibile con focus su opportunit\u00e0 e prospettive per il settore privato, che si terr\u00e0 a Fiera di Roma dal 14 al 16 maggio del prossimo anno.<\/p>\n<p style=\"text-align: justify;\">Lo studio ha esaminato le opinioni dei cittadini di Francia, Germania, Italia, Polonia e Svezia attraverso sondaggi online condotti dal 19 al 23 aprile 2024, coinvolgendo un totale di 6.257 persone. Agli intervistati sono state poste una trentina di domande sulla familiarit\u00e0 con il concetto di aiuto allo sviluppo, sull\u2019interesse per l\u2019efficacia degli interventi, sulle regioni prioritarie e sulla percezione dell\u2019efficacia degli aiuti.<\/p>\n<p style=\"text-align: justify;\">In quasi tutte le risposte, l\u2019Italia ha registrato i dati pi\u00f9 elevati. Gli italiani hanno espresso i livelli pi\u00f9 alti di familiarit\u00e0 con il concetto di Cooperazione, dimostrando un elevato interesse pubblico per il tema e un sostegno significativo ai paesi in via di sviluppo &#8211; elementi che testimoniano un impegno solido e continuo.<\/p>\n<p style=\"text-align: justify;\">\u201cConfrontandosi positivamente con altre nazioni europee, l\u2019Italia dimostra di avere una posizione di leadership nella promozione della solidariet\u00e0 internazionale e della sostenibilit\u00e0 ed emerge come un attore rilevante e rispettato nel campo dell\u2019aiuto allo sviluppo e degli investimenti solidali e sostenibili\u201d, si legge nel documento.<\/p>\n<p style=\"text-align: justify;\">Questo dato, che a un primo sguardo potrebbe sorprendere, trova invece spiegazione nella grande partecipazione della societ\u00e0 civile italiana a iniziative di sostegno internazionale, alimentata sia dalla tradizione cattolica che da quella di sinistra. L\u2019ultimo quesito del rapporto, che misura il livello di \u201cimpegno personale\u201d, evidenzia come gli italiani abbiano le percentuali di risposta affermativa pi\u00f9 alte in tutte le azioni proposte: dalla lettura di articoli sulla solidariet\u00e0 internazionale alla firma di petizioni, dalle donazioni a organizzazioni di solidariet\u00e0 al volontariato. Gli italiani superano di gran lunga la media europea in ogni categoria.<\/p>\n<p style=\"text-align: justify;\">Il rapporto sottolinea che, ad eccezione di una domanda, gli italiani hanno ottenuto i valori pi\u00f9 elevati in tutti i 30 quesiti posti. Per chi desidera approfondire, l\u2019intero rapporto \u00e8 disponibile in francese al seguente <u><a href=\"https:\/\/www.codewayexpo.com\/wp-content\/uploads\/ACFrOgB5CBmn2B7w045ZpjvTe_iXgvAJaR8pS3g2G1PajwjHvdy61BO4vrpEUvIE6xqe1iWRwRZTjwJ1I5voIrIN3I5S_g8vPUbC382JL8ZLuIU6MCKA4lmyhgkt8511PfXOW4LIEOdrgT_1tWnM.pdf\">link<\/a><\/u><\/p>\n<p>Contatti stampa:<br \/>\n<strong>Cecilia Moretti<\/strong><br \/>\n<a href=\"mailto:ceciliamoretti@gmail.com\">ceciliamoretti@gmail.com<\/a> &#8211; 3892756994<\/p>\n<p><strong>Sintesi dei principali elementi del rapporto.<\/strong><\/p>\n<p style=\"text-align: justify;\">Ecco una sintesi in punti chiave dei dati in cui l\u2019Italia e gli italiani registrano i punteggi pi\u00f9 alti nel rapporto sugli investimenti solidali e sostenibili. \u00c8 bene evidenziare che il rapporto \u00e8 stato commissionato dall\u2019Agenzia alla cooperazione francese e realizzato da un soggetto internazionale su un campione di vari paesi europei:<br \/>\n<strong>Familiarit\u00e0 con l\u2019aiuto allo sviluppo:<\/strong> L\u201989% degli italiani dichiara di conoscere la politica di aiuto allo sviluppo internazionale, il dato pi\u00f9 alto tra i paesi esaminati.<br \/>\n<strong>Informazione sull\u2019aiuto internazionale dell&#8217;UE:<\/strong> Gli italiani si dichiarano tra i pi\u00f9 informati sulla politica di sviluppo internazionale dell&#8217;UE (59%).<br \/>\n<strong>Sostegno all&#8217;aiuto ai paesi in via di sviluppo:<\/strong> L&#8217;87% degli italiani sostiene che l&#8217;Italia debba aiutare questi paesi, il valore pi\u00f9 alto in assoluto.<br \/>\n<strong>Impegno personale:<\/strong> Gli italiani sono i pi\u00f9 coinvolti nelle attivit\u00e0 di solidariet\u00e0, come fare donazioni (62%), partecipare a progetti solidali (28%) e manifestazioni per aumentare l&#8217;aiuto ai paesi in via di sviluppo (23%).<br \/>\n<strong>Sostegno agli investimenti UE:<\/strong> Gli italiani sono tra i pi\u00f9 favorevoli all&#8217;idea che l&#8217;Unione Europea debba sostenere i paesi in via di sviluppo, con il 78% di consenso.<br \/>\n<strong>Effetto positivo degli investimenti:<\/strong> Il 71% degli italiani ritiene che gli investimenti italiani nei paesi in via di sviluppo abbiano un impatto positivo sul ruolo internazionale dell&#8217;Italia.<br \/>\n<strong>Coinvolgimento in azioni di solidariet\u00e0:<\/strong> Gli italiani dimostrano maggiore impegno, con una percentuale significativa di persone coinvolte in attivit\u00e0 solidali e partecipative, ben al di sopra della media europea.<br \/>\n<strong>Impegno personale:<\/strong> Gli italiani sono tra i pi\u00f9 attivi in Europa nel partecipare a manifestazioni per spingere le istituzioni a combattere il cambiamento climatico e ad aumentare l&#8217;aiuto ai paesi in via di sviluppo.<br \/>\n<strong>Informazione sulle politiche di sviluppo:<\/strong> Gli italiani, rispetto ad altri paesi, sono tra i pi\u00f9 convinti che il loro paese debba agire per combattere la tratta di esseri umani e sostenere le comunit\u00e0 colpite da conflitti o cambiamenti climatici (82%).<br \/>\n<strong>Priorit\u00e0 per l\u2019Italia:<\/strong> Gli italiani vedono l\u2019Africa come la regione prioritaria per l\u2019intervento italiano e dell&#8217;UE, con una forte attenzione all\u2019Africa intera e ai paesi del Maghreb.<br \/>\n<strong>Visione positiva sugli investimenti:<\/strong> Gli italiani hanno fiducia che gli investimenti sostenibili e solidali migliorino la reputazione e il ruolo dell&#8217;Italia a livello internazionale, con impatti positivi su salute, sicurezza e clima.<br \/>\n<strong>Informazione e consapevolezza ambientale:<\/strong> Gli italiani mostrano un forte interesse per le questioni ambientali e internazionali, con il 76% che considera gli investimenti del loro paese come un contributo significativo alla protezione della biodiversit\u00e0 e al contrasto del cambiamento climatico.<br \/>\n<strong>Percezione dell\u2019efficacia degli aiuti:<\/strong> Il 56% degli italiani crede che l&#8217;Italia stia agendo efficacemente per sostenere lo sviluppo sostenibile nei paesi in via di sviluppo, un dato tra i pi\u00f9 alti in Europa.<br \/>\n<strong>Ruolo dell\u2019Italia nel mondo:<\/strong> Gli italiani sono convinti che l\u2019Italia debba essere tra i leader nel sostenere paesi in difficolt\u00e0, specialmente nell&#8217;Africa subsahariana. Il 70% degli intervistati ritiene che il paese debba aumentare gli investimenti solidali per avere un impatto positivo a livello globale.<\/p>\n<p><strong>Quadro generale dell\u2019Italia e degli italiani:<\/strong><\/p>\n<ul>\n<li style=\"text-align: justify;\">Gli italiani sono tra i pi\u00f9 favorevoli e attivi nel sostenere lo sviluppo internazionale, con un alto livello di consapevolezza e partecipazione personale.<\/li>\n<li style=\"text-align: justify;\">L&#8217;Italia emerge come uno dei paesi con il maggiore coinvolgimento nell&#8217;informazione e nel sostegno agli investimenti solidali e sostenibili, particolarmente interessata a sostenere l&#8217;UE e i paesi in via di sviluppo in vari ambiti (economico, climatico, sanitario).<\/li>\n<li style=\"text-align: justify;\">Gli italiani emergono come fortemente favorevoli agli investimenti solidali e allo sviluppo sostenibile, con un alto livello di coinvolgimento personale e fiducia nelle politiche del paese. L\u2019interesse si concentra soprattutto su temi ambientali e sociali globali, evidenziando l\u2019Africa come una priorit\u00e0. La percezione \u00e8 che l&#8217;Italia debba continuare a svolgere un ruolo di primo piano nel sostenere lo sviluppo globale, e che tali sforzi siano cruciali anche per migliorare la reputazione e il posizionamento dell\u2019Italia nel contesto internazionale.<\/li>\n<\/ul>\n<p>&nbsp;<\/p>\n<p style=\"text-align: justify;\"><u><a href=\"https:\/\/www.codewayexpo.com\/wp-content\/uploads\/ACFrOgAdjTm8jHLgpmN8TllHRcb0Caeykv_Gahmddd10G3-jSszu0ppbc5-83t0fCvsp-thVjON9tPSxUXvjOsrRzJ_jyXPYvkbCrsBoTyvBf78bvCHCFuNfAwBZ_meacmEwyG3w3PMWWfHyoYF.pdf\">View the press release<\/a><\/u><\/p>\n<p>\n<\/div><div class=\"empty-space empty-half\" ><span class=\"empty-space-inner\"><\/span><\/div>\n<\/div><\/div><\/div><\/div><\/div><script id=\"script-row-unique-1\" data-row=\"script-row-unique-1\" type=\"text\/javascript\" class=\"vc_controls\">UNCODE.initRow(document.getElementById(\"row-unique-1\"));<\/script><\/div><\/div><\/div>\n<\/div>","protected":false},"excerpt":{"rendered":"<p>When you are alone for days or weeks at a time, you eventually become drawn to people. Talking to randos is the norm. I\u2019ll never forget the conversation with the aquarium fisherman, forest ranger, and women at the Thai market. It\u2019s refreshing to compare notes on life with people from vastly different backgrounds.<\/p>","protected":false},"author":4,"featured_media":0,"comment_status":"closed","ping_status":"open","sticky":false,"template":"","format":"standard","meta":{"footnotes":""},"categories":[132],"tags":[],"class_list":["post-156527","post","type-post","status-publish","format-standard","hentry","category-comunicati"],"yoast_head":"<!-- This site is optimized with the Yoast SEO plugin v27.4 - https:\/\/yoast.com\/product\/yoast-seo-wordpress\/ -->\n<title>Codeway Expo 2025 \u2013 A Fiera Roma dal 14 al 16 Maggio Cooperazione internazionale, business e sviluppo sostenibile: Il grande dialogo globale sul futuro - CodewayExpo<\/title>\n<meta name=\"description\" content=\"La transizione ecologica non pu\u00f2 che essere globale e quanto avviene in questo senso nei Paesi in via di sviluppo riguarda.... Leggi tutto\" \/>\n<meta name=\"robots\" content=\"index, follow, max-snippet:-1, max-image-preview:large, max-video-preview:-1\" \/>\n<link rel=\"canonical\" href=\"https:\/\/www.codewayexpo.com\/en\/codeway-expo-2025-a-fiera-roma-dal-14-al-16-maggio-cooperazione-internazionale-business-e-sviluppo-sostenibile-il-grande-dialogo-globale-sul-futuro\/\" \/>\n<meta property=\"og:locale\" content=\"en_US\" \/>\n<meta property=\"og:type\" content=\"article\" \/>\n<meta property=\"og:title\" content=\"Codeway Expo 2025 \u2013 A Fiera Roma dal 14 al 16 Maggio Cooperazione internazionale, business e sviluppo sostenibile: Il grande dialogo globale sul futuro - CodewayExpo\" \/>\n<meta property=\"og:description\" content=\"La transizione ecologica non pu\u00f2 che essere globale e quanto avviene in questo senso nei Paesi in via di sviluppo riguarda.... Leggi tutto\" \/>\n<meta property=\"og:url\" content=\"https:\/\/www.codewayexpo.com\/en\/codeway-expo-2025-a-fiera-roma-dal-14-al-16-maggio-cooperazione-internazionale-business-e-sviluppo-sostenibile-il-grande-dialogo-globale-sul-futuro\/\" \/>\n<meta property=\"og:site_name\" content=\"CodewayExpo\" \/>\n<meta property=\"article:published_time\" content=\"2025-05-09T08:00:27+00:00\" \/>\n<meta property=\"article:modified_time\" content=\"2025-06-12T10:15:59+00:00\" \/>\n<meta name=\"author\" content=\"Codeway\" \/>\n<meta name=\"twitter:card\" content=\"summary_large_image\" \/>\n<meta name=\"twitter:label1\" content=\"Written by\" \/>\n\t<meta name=\"twitter:data1\" content=\"Codeway\" \/>\n\t<meta name=\"twitter:label2\" content=\"Est. reading time\" \/>\n\t<meta name=\"twitter:data2\" content=\"15 minutes\" \/>\n<script type=\"application\/ld+json\" class=\"yoast-schema-graph\">{\"@context\":\"https:\\\/\\\/schema.org\",\"@graph\":[{\"@type\":\"Article\",\"@id\":\"https:\\\/\\\/www.codewayexpo.com\\\/codeway-expo-2025-a-fiera-roma-dal-14-al-16-maggio-cooperazione-internazionale-business-e-sviluppo-sostenibile-il-grande-dialogo-globale-sul-futuro\\\/#article\",\"isPartOf\":{\"@id\":\"https:\\\/\\\/www.codewayexpo.com\\\/codeway-expo-2025-a-fiera-roma-dal-14-al-16-maggio-cooperazione-internazionale-business-e-sviluppo-sostenibile-il-grande-dialogo-globale-sul-futuro\\\/\"},\"author\":{\"name\":\"Codeway\",\"@id\":\"https:\\\/\\\/www.codewayexpo.com\\\/#\\\/schema\\\/person\\\/47481035921233c180140e75618863f0\"},\"headline\":\"Codeway Expo 2025 \u2013 A Fiera Roma dal 14 al 16 Maggio Cooperazione internazionale, business e sviluppo sostenibile: Il grande dialogo globale sul futuro\",\"datePublished\":\"2025-05-09T08:00:27+00:00\",\"dateModified\":\"2025-06-12T10:15:59+00:00\",\"mainEntityOfPage\":{\"@id\":\"https:\\\/\\\/www.codewayexpo.com\\\/codeway-expo-2025-a-fiera-roma-dal-14-al-16-maggio-cooperazione-internazionale-business-e-sviluppo-sostenibile-il-grande-dialogo-globale-sul-futuro\\\/\"},\"wordCount\":2969,\"articleSection\":[\"Comunicati\"],\"inLanguage\":\"en-US\"},{\"@type\":\"WebPage\",\"@id\":\"https:\\\/\\\/www.codewayexpo.com\\\/codeway-expo-2025-a-fiera-roma-dal-14-al-16-maggio-cooperazione-internazionale-business-e-sviluppo-sostenibile-il-grande-dialogo-globale-sul-futuro\\\/\",\"url\":\"https:\\\/\\\/www.codewayexpo.com\\\/codeway-expo-2025-a-fiera-roma-dal-14-al-16-maggio-cooperazione-internazionale-business-e-sviluppo-sostenibile-il-grande-dialogo-globale-sul-futuro\\\/\",\"name\":\"Codeway Expo 2025 \u2013 A Fiera Roma dal 14 al 16 Maggio Cooperazione internazionale, business e sviluppo sostenibile: Il grande dialogo globale sul futuro - CodewayExpo\",\"isPartOf\":{\"@id\":\"https:\\\/\\\/www.codewayexpo.com\\\/#website\"},\"datePublished\":\"2025-05-09T08:00:27+00:00\",\"dateModified\":\"2025-06-12T10:15:59+00:00\",\"author\":{\"@id\":\"https:\\\/\\\/www.codewayexpo.com\\\/#\\\/schema\\\/person\\\/47481035921233c180140e75618863f0\"},\"description\":\"La transizione ecologica non pu\u00f2 che essere globale e quanto avviene in questo senso nei Paesi in via di sviluppo riguarda.... Leggi tutto\",\"breadcrumb\":{\"@id\":\"https:\\\/\\\/www.codewayexpo.com\\\/codeway-expo-2025-a-fiera-roma-dal-14-al-16-maggio-cooperazione-internazionale-business-e-sviluppo-sostenibile-il-grande-dialogo-globale-sul-futuro\\\/#breadcrumb\"},\"inLanguage\":\"en-US\",\"potentialAction\":[{\"@type\":\"ReadAction\",\"target\":[\"https:\\\/\\\/www.codewayexpo.com\\\/codeway-expo-2025-a-fiera-roma-dal-14-al-16-maggio-cooperazione-internazionale-business-e-sviluppo-sostenibile-il-grande-dialogo-globale-sul-futuro\\\/\"]}]},{\"@type\":\"BreadcrumbList\",\"@id\":\"https:\\\/\\\/www.codewayexpo.com\\\/codeway-expo-2025-a-fiera-roma-dal-14-al-16-maggio-cooperazione-internazionale-business-e-sviluppo-sostenibile-il-grande-dialogo-globale-sul-futuro\\\/#breadcrumb\",\"itemListElement\":[{\"@type\":\"ListItem\",\"position\":1,\"name\":\"Home\",\"item\":\"https:\\\/\\\/www.codewayexpo.com\\\/\"},{\"@type\":\"ListItem\",\"position\":2,\"name\":\"Codeway Expo 2025 \u2013 A Fiera Roma dal 14 al 16 Maggio Cooperazione internazionale, business e sviluppo sostenibile: Il grande dialogo globale sul futuro\"}]},{\"@type\":\"WebSite\",\"@id\":\"https:\\\/\\\/www.codewayexpo.com\\\/#website\",\"url\":\"https:\\\/\\\/www.codewayexpo.com\\\/\",\"name\":\"CodewayExpo\",\"description\":\"Cooperation Development Expo\",\"potentialAction\":[{\"@type\":\"SearchAction\",\"target\":{\"@type\":\"EntryPoint\",\"urlTemplate\":\"https:\\\/\\\/www.codewayexpo.com\\\/?s={search_term_string}\"},\"query-input\":{\"@type\":\"PropertyValueSpecification\",\"valueRequired\":true,\"valueName\":\"search_term_string\"}}],\"inLanguage\":\"en-US\"},{\"@type\":\"Person\",\"@id\":\"https:\\\/\\\/www.codewayexpo.com\\\/#\\\/schema\\\/person\\\/47481035921233c180140e75618863f0\",\"name\":\"Codeway\",\"url\":\"https:\\\/\\\/www.codewayexpo.com\\\/en\\\/author\\\/codeway\\\/\"}]}<\/script>\n<!-- \/ Yoast SEO plugin. -->","yoast_head_json":{"title":"Codeway Expo 2025 \u2013 A Fiera Roma dal 14 al 16 Maggio Cooperazione internazionale, business e sviluppo sostenibile: Il grande dialogo globale sul futuro - CodewayExpo","description":"La transizione ecologica non pu\u00f2 che essere globale e quanto avviene in questo senso nei Paesi in via di sviluppo riguarda.... Leggi tutto","robots":{"index":"index","follow":"follow","max-snippet":"max-snippet:-1","max-image-preview":"max-image-preview:large","max-video-preview":"max-video-preview:-1"},"canonical":"https:\/\/www.codewayexpo.com\/en\/codeway-expo-2025-a-fiera-roma-dal-14-al-16-maggio-cooperazione-internazionale-business-e-sviluppo-sostenibile-il-grande-dialogo-globale-sul-futuro\/","og_locale":"en_US","og_type":"article","og_title":"Codeway Expo 2025 \u2013 A Fiera Roma dal 14 al 16 Maggio Cooperazione internazionale, business e sviluppo sostenibile: Il grande dialogo globale sul futuro - CodewayExpo","og_description":"La transizione ecologica non pu\u00f2 che essere globale e quanto avviene in questo senso nei Paesi in via di sviluppo riguarda.... Leggi tutto","og_url":"https:\/\/www.codewayexpo.com\/en\/codeway-expo-2025-a-fiera-roma-dal-14-al-16-maggio-cooperazione-internazionale-business-e-sviluppo-sostenibile-il-grande-dialogo-globale-sul-futuro\/","og_site_name":"CodewayExpo","article_published_time":"2025-05-09T08:00:27+00:00","article_modified_time":"2025-06-12T10:15:59+00:00","author":"Codeway","twitter_card":"summary_large_image","twitter_misc":{"Written by":"Codeway","Est. reading time":"15 minutes"},"schema":{"@context":"https:\/\/schema.org","@graph":[{"@type":"Article","@id":"https:\/\/www.codewayexpo.com\/codeway-expo-2025-a-fiera-roma-dal-14-al-16-maggio-cooperazione-internazionale-business-e-sviluppo-sostenibile-il-grande-dialogo-globale-sul-futuro\/#article","isPartOf":{"@id":"https:\/\/www.codewayexpo.com\/codeway-expo-2025-a-fiera-roma-dal-14-al-16-maggio-cooperazione-internazionale-business-e-sviluppo-sostenibile-il-grande-dialogo-globale-sul-futuro\/"},"author":{"name":"Codeway","@id":"https:\/\/www.codewayexpo.com\/#\/schema\/person\/47481035921233c180140e75618863f0"},"headline":"Codeway Expo 2025 \u2013 A Fiera Roma dal 14 al 16 Maggio Cooperazione internazionale, business e sviluppo sostenibile: Il grande dialogo globale sul futuro","datePublished":"2025-05-09T08:00:27+00:00","dateModified":"2025-06-12T10:15:59+00:00","mainEntityOfPage":{"@id":"https:\/\/www.codewayexpo.com\/codeway-expo-2025-a-fiera-roma-dal-14-al-16-maggio-cooperazione-internazionale-business-e-sviluppo-sostenibile-il-grande-dialogo-globale-sul-futuro\/"},"wordCount":2969,"articleSection":["Comunicati"],"inLanguage":"en-US"},{"@type":"WebPage","@id":"https:\/\/www.codewayexpo.com\/codeway-expo-2025-a-fiera-roma-dal-14-al-16-maggio-cooperazione-internazionale-business-e-sviluppo-sostenibile-il-grande-dialogo-globale-sul-futuro\/","url":"https:\/\/www.codewayexpo.com\/codeway-expo-2025-a-fiera-roma-dal-14-al-16-maggio-cooperazione-internazionale-business-e-sviluppo-sostenibile-il-grande-dialogo-globale-sul-futuro\/","name":"Codeway Expo 2025 \u2013 A Fiera Roma dal 14 al 16 Maggio Cooperazione internazionale, business e sviluppo sostenibile: Il grande dialogo globale sul futuro - CodewayExpo","isPartOf":{"@id":"https:\/\/www.codewayexpo.com\/#website"},"datePublished":"2025-05-09T08:00:27+00:00","dateModified":"2025-06-12T10:15:59+00:00","author":{"@id":"https:\/\/www.codewayexpo.com\/#\/schema\/person\/47481035921233c180140e75618863f0"},"description":"La transizione ecologica non pu\u00f2 che essere globale e quanto avviene in questo senso nei Paesi in via di sviluppo riguarda.... Leggi tutto","breadcrumb":{"@id":"https:\/\/www.codewayexpo.com\/codeway-expo-2025-a-fiera-roma-dal-14-al-16-maggio-cooperazione-internazionale-business-e-sviluppo-sostenibile-il-grande-dialogo-globale-sul-futuro\/#breadcrumb"},"inLanguage":"en-US","potentialAction":[{"@type":"ReadAction","target":["https:\/\/www.codewayexpo.com\/codeway-expo-2025-a-fiera-roma-dal-14-al-16-maggio-cooperazione-internazionale-business-e-sviluppo-sostenibile-il-grande-dialogo-globale-sul-futuro\/"]}]},{"@type":"BreadcrumbList","@id":"https:\/\/www.codewayexpo.com\/codeway-expo-2025-a-fiera-roma-dal-14-al-16-maggio-cooperazione-internazionale-business-e-sviluppo-sostenibile-il-grande-dialogo-globale-sul-futuro\/#breadcrumb","itemListElement":[{"@type":"ListItem","position":1,"name":"Home","item":"https:\/\/www.codewayexpo.com\/"},{"@type":"ListItem","position":2,"name":"Codeway Expo 2025 \u2013 A Fiera Roma dal 14 al 16 Maggio Cooperazione internazionale, business e sviluppo sostenibile: Il grande dialogo globale sul futuro"}]},{"@type":"WebSite","@id":"https:\/\/www.codewayexpo.com\/#website","url":"https:\/\/www.codewayexpo.com\/","name":"CodewayExpo","description":"Cooperation Development Expo","potentialAction":[{"@type":"SearchAction","target":{"@type":"EntryPoint","urlTemplate":"https:\/\/www.codewayexpo.com\/?s={search_term_string}"},"query-input":{"@type":"PropertyValueSpecification","valueRequired":true,"valueName":"search_term_string"}}],"inLanguage":"en-US"},{"@type":"Person","@id":"https:\/\/www.codewayexpo.com\/#\/schema\/person\/47481035921233c180140e75618863f0","name":"Codeway","url":"https:\/\/www.codewayexpo.com\/en\/author\/codeway\/"}]}},"_links":{"self":[{"href":"https:\/\/www.codewayexpo.com\/en\/wp-json\/wp\/v2\/posts\/156527","targetHints":{"allow":["GET"]}}],"collection":[{"href":"https:\/\/www.codewayexpo.com\/en\/wp-json\/wp\/v2\/posts"}],"about":[{"href":"https:\/\/www.codewayexpo.com\/en\/wp-json\/wp\/v2\/types\/post"}],"author":[{"embeddable":true,"href":"https:\/\/www.codewayexpo.com\/en\/wp-json\/wp\/v2\/users\/4"}],"replies":[{"embeddable":true,"href":"https:\/\/www.codewayexpo.com\/en\/wp-json\/wp\/v2\/comments?post=156527"}],"version-history":[{"count":6,"href":"https:\/\/www.codewayexpo.com\/en\/wp-json\/wp\/v2\/posts\/156527\/revisions"}],"predecessor-version":[{"id":156581,"href":"https:\/\/www.codewayexpo.com\/en\/wp-json\/wp\/v2\/posts\/156527\/revisions\/156581"}],"wp:attachment":[{"href":"https:\/\/www.codewayexpo.com\/en\/wp-json\/wp\/v2\/media?parent=156527"}],"wp:term":[{"taxonomy":"category","embeddable":true,"href":"https:\/\/www.codewayexpo.com\/en\/wp-json\/wp\/v2\/categories?post=156527"},{"taxonomy":"post_tag","embeddable":true,"href":"https:\/\/www.codewayexpo.com\/en\/wp-json\/wp\/v2\/tags?post=156527"}],"curies":[{"name":"wp","href":"https:\/\/api.w.org\/{rel}","templated":true}]}}